{"id":97,"date":"2010-07-14T19:08:07","date_gmt":"2010-07-14T18:08:07","guid":{"rendered":"http:\/\/silviaterribili.org\/blog\/wordpress\/?p=97"},"modified":"2010-07-14T19:12:02","modified_gmt":"2010-07-14T18:12:02","slug":"in-olanda-vince-il-pensiero-plurale","status":"publish","type":"post","link":"https:\/\/silviaterribili.org\/?p=97","title":{"rendered":"IN OLANDA VINCE IL PENSIERO PLURALE"},"content":{"rendered":"<p class=\"ecxecxMsoNormal\"><strong><font size=\"1\" face=\"Arial\" color=\"#222222\"><span style=\"font-family: Arial; color: #222222; font-size: 9pt; font-weight: bold\" lang=\"FR\">IN OLANDA VINCE IL PENSIERO PLURALE<\/span><\/font><\/strong><font size=\"2\" face=\"Verdana\"><span style=\"font-family: Verdana; font-size: 10pt\"><\/span><\/font><\/p>\n<p class=\"ecxecxMsoNormal\"><font size=\"3\" face=\"Times New Roman\" color=\"#222222\"><span style=\"color: #222222; font-size: 12pt\" lang=\"EN-GB\"><\/span><\/font><\/p>\n<p class=\"ecxecxMsoNormal\"><font size=\"3\" face=\"Times New Roman\" color=\"#222222\"><span style=\"color: #222222; font-size: 12pt\" lang=\"EN-GB\"><img decoding=\"async\" src=\"http:\/\/www.volkskrant.nl\/multimedia\/archive\/00181\/verkiezingen_181615x.jpg\" \/>\u00a0<\/span><\/font><\/p>\n<p class=\"ecxecxMsoNormal\"><font size=\"3\" face=\"Times New Roman\" color=\"#222222\"><span style=\"color: #222222; font-size: 12pt\" lang=\"EN-GB\"><\/span><\/font><\/p>\n<p class=\"ecxecxMsoNormal\"><font size=\"3\" face=\"Times New Roman\" color=\"#222222\"><span style=\"color: #222222; font-size: 12pt\" lang=\"EN-GB\">A distanza di\u00a0alcuni giorni\u00a0dal risultato elettorale in Olanda vorrei fare alcune riflessioni.<\/span><\/font><font size=\"2\" face=\"Verdana\"><span style=\"font-family: Verdana; font-size: 10pt\"><\/span><\/font><\/p>\n<p class=\"ecxecxMsoNormal\"><font size=\"3\" face=\"Times New Roman\" color=\"#222222\"><span style=\"color: #222222; font-size: 12pt\" lang=\"EN-GB\"><\/span><\/font><font size=\"2\" face=\"Verdana\"><span style=\"font-family: Verdana; font-size: 10pt\"><\/span><\/font><\/p>\n<p class=\"ecxecxMsoNormal\"><font size=\"3\" face=\"Times New Roman\" color=\"#222222\"><span style=\"color: #222222; font-size: 12pt\" lang=\"FR\">Innanzitutto vorrei dire che l&#8217;Olanda conferma di essere un paese democratico, aperto e pluralista in cui ognuno pu\u00f2 esprimere le proprie idee, e in cui gli elettori votano perch\u00e9 credono in qualcosa oppure si sentono liberi di protestare ed esprimere col voto il loro malcontento e le loro paure.<\/span><\/font><font size=\"2\" face=\"Verdana\"><span style=\"font-family: Verdana; font-size: 10pt\"><\/span><\/font><\/p>\n<p class=\"ecxecxMsoNormal\"><font size=\"3\" face=\"Times New Roman\" color=\"#222222\"><span style=\"color: #222222; font-size: 12pt\" lang=\"FR\"><\/span><\/font><font size=\"2\" face=\"Verdana\"><span style=\"font-family: Verdana; font-size: 10pt\"><\/span><\/font><\/p>\n<p class=\"ecxecxMsoNormal\"><font size=\"3\" face=\"Times New Roman\" color=\"#222222\"><span style=\"color: #222222; font-size: 12pt\" lang=\"FR\">C&#8217;\u00e8 un 15% dei votanti, che si \u00e8 espresso a favore del PVV di Geert Wilders. Questa fetta di olandesi ha chiaramente paura dell&#8217;islamizzazione della societ\u00e0 e dell&#8217;immigrazione di massa. Penso che si debba rispettare la loro paura pur non condividendola affatto. Tra l&#8217;altro colpisce che questa paura dell&#8217;immigrazione serpeggi soprattutto nei paesini ex cattolici del sud, dove la presenza dei nuovi olandesi \u00e8 relativamente molto bassa rispetto alle grandi citt\u00e0 come Amsterdam. Gli elettori del PVV hanno dunque paura di qualcosa che non conoscono, da cui si sentono oscuramente minacciati.<\/span><\/font><font size=\"2\" face=\"Verdana\"><span style=\"font-family: Verdana; font-size: 10pt\"><\/span><\/font><\/p>\n<p class=\"ecxecxMsoNormal\"><font size=\"3\" face=\"Times New Roman\" color=\"#222222\"><span style=\"color: #222222; font-size: 12pt\" lang=\"FR\"><\/span><\/font><font size=\"2\" face=\"Verdana\"><span style=\"font-family: Verdana; font-size: 10pt\"><\/span><\/font><\/p>\n<p class=\"ecxecxMsoNormal\"><font size=\"3\" face=\"Times New Roman\" color=\"#222222\"><span style=\"color: #222222; font-size: 12pt\" lang=\"FR\">Altri sono i veri problemi da affrontare, e infatti di questo si \u00e8 parlato principalmente in campagna elettorale, una campagna in cui i dibattitti televisivi, frequentissimi e altamente pluralisti\u00a0 (la TV italiana avrebbe molto da imparare da questo di vista), hanno avuto un ruolo fondamentale e i vari capolista si sono lanciati in gare di bravura e di nervi saldi. Il grande successo di Marc Rutte del VVD \u00e8 in parte dovuto alla sua presenza carismatica in TV. Mi chiedo infatti quanti di quel 20,4% che lo hanno votato si sia resa effettivamente conto di come vuole rimettere in sesto l&#8217;economia il VVD. Innalzando l&#8217;et\u00e0 pensionabile, eliminando le borse di studio per chi vuole frequentare universit\u00e0 e scuole professionali superiori,\u00a0 spendendo di pi\u00f9 per costruire strade e tagliando sui trasporti pubblici o costruendo una nuova centrale nucleare.<\/span><\/font><font size=\"2\" face=\"Verdana\"><span style=\"font-family: Verdana; font-size: 10pt\"><\/span><\/font><\/p>\n<p class=\"ecxecxMsoNormal\"><font size=\"3\" face=\"Times New Roman\" color=\"#222222\"><span style=\"color: #222222; font-size: 12pt\" lang=\"FR\"><\/span><\/font><font size=\"2\" face=\"Verdana\"><span style=\"font-family: Verdana; font-size: 10pt\"><\/span><\/font><\/p>\n<p class=\"ecxecxMsoNormal\"><font size=\"3\" face=\"Times New Roman\" color=\"#222222\"><span style=\"color: #222222; font-size: 12pt\" lang=\"FR\">Bisogna risparmiare e questo \u00e8 un principio condiviso da tutti. Ma lo si potrebbe fare tagliando le spese per gli aerei militari da combattimeno,\u00a0 riducendo la detrazione degli interessi sui mutui, ora uguale per tutti, anche per chi compra le ville e i castelli. Il partito socialista\u00a0 chiede ad es. che la detrazione degli interessi sia garantita\u00a0 solo fino a 350.000 euro.<\/span><\/font><font size=\"2\" face=\"Verdana\"><span style=\"font-family: Verdana; font-size: 10pt\"><\/span><\/font><\/p>\n<p class=\"ecxecxMsoNormal\"><font size=\"3\" face=\"Times New Roman\" color=\"#222222\"><span style=\"color: #222222; font-size: 12pt\" lang=\"FR\"><\/span><\/font><font size=\"2\" face=\"Verdana\"><span style=\"font-family: Verdana; font-size: 10pt\"><\/span><\/font><\/p>\n<p class=\"ecxecxMsoNormal\"><font size=\"3\" face=\"Times New Roman\" color=\"#222222\"><span style=\"color: #222222; font-size: 12pt\" lang=\"FR\">Tiene pur con qualche perdita il partito laburista, che ottiene il 19,6% guidato da Job Cohen, autorevole e pacata personalit\u00e0 amata e rispettata in particolare nel campo della cultura, che si \u00e8 dimesso da sindaco di Amsterdam per dedicarsi a tempo pieno alla campagna. <\/span><\/font><font color=\"#222222\"><span style=\"color: #222222\" lang=\"EN-GB\">Cohen ha stravinto ad Amsterdam, citt\u00e0 multiculturale per eccellenza, con il 35,2%.<\/span><\/font><font size=\"2\" face=\"Verdana\"><span style=\"font-family: Verdana; font-size: 10pt\"><\/span><\/font><\/p>\n<p class=\"ecxecxMsoNormal\"><font size=\"3\" face=\"Times New Roman\" color=\"#222222\"><span style=\"color: #222222; font-size: 12pt\" lang=\"EN-GB\"><\/span><\/font><font size=\"2\" face=\"Verdana\"><span style=\"font-family: Verdana; font-size: 10pt\"><\/span><\/font><\/p>\n<p class=\"ecxecxMsoNormal\"><font size=\"3\" face=\"Times New Roman\" color=\"#222222\"><span style=\"color: #222222; font-size: 12pt\" lang=\"FR\">Perde invece clamorosamente il CDA del premier dimissionario\u00a0 Jan Pieter Balkenende, passando a un 13,7%. <\/span><\/font><font size=\"2\" face=\"Verdana\"><span style=\"font-family: Verdana; font-size: 10pt\"><\/span><\/font><\/p>\n<p class=\"ecxecxMsoNormal\"><font size=\"3\" face=\"Times New Roman\" color=\"#222222\"><span style=\"color: #222222; font-size: 12pt\" lang=\"FR\"><\/span><\/font><font size=\"2\" face=\"Verdana\"><span style=\"font-family: Verdana; font-size: 10pt\"><\/span><\/font><\/p>\n<p class=\"ecxecxMsoNormal\"><font size=\"3\" face=\"Times New Roman\" color=\"#222222\"><span style=\"color: #222222; font-size: 12pt\" lang=\"FR\">Perdono seggi, ma si attestano comunque su un 9,9% i socialisti dell&#8217;SP che chiedono una manovra economica che non penalizzi i poveri, ma pretenda responsabilit\u00e0 da chi ha veramente provocato la crisi, le banche, il mondo della finanza, gli speculatori, coloro che ottenongo aiuti di stato e poi distribuiscono bonus ai propri manager.<\/span><\/font><font size=\"2\" face=\"Verdana\"><span style=\"font-family: Verdana; font-size: 10pt\"><\/span><\/font><\/p>\n<p class=\"ecxecxMsoNormal\"><font size=\"3\" face=\"Times New Roman\" color=\"#222222\"><span style=\"color: #222222; font-size: 12pt\" lang=\"FR\"><\/span><\/font><font size=\"2\" face=\"Verdana\"><span style=\"font-family: Verdana; font-size: 10pt\"><\/span><\/font><\/p>\n<p class=\"ecxecxMsoNormal\"><font size=\"3\" face=\"Times New Roman\" color=\"#222222\"><span style=\"color: #222222; font-size: 12pt\" lang=\"FR\">L&#8217;unico partito di sinistra che ha veramente vinto, \u00e8 la sinistra verde (passata al 6,6% rispetto al 4,6% del 2006) di Femke Halsema, unica donna in lizza per il premierato, una giovane e agguerrita sostenitrice delle tematiche dell&#8217;ambiente e della solidariet\u00e0. <\/span><\/font><font size=\"2\" face=\"Verdana\"><span style=\"font-family: Verdana; font-size: 10pt\"><\/span><\/font><\/p>\n<p class=\"ecxecxMsoNormal\"><font size=\"3\" face=\"Times New Roman\" color=\"#222222\"><span style=\"color: #222222; font-size: 12pt\" lang=\"FR\"><\/span><\/font><font size=\"2\" face=\"Verdana\"><span style=\"font-family: Verdana; font-size: 10pt\"><\/span><\/font><\/p>\n<p class=\"ecxecxMsoNormal\"><font size=\"3\" face=\"Times New Roman\" color=\"#222222\"><span style=\"color: #222222; font-size: 12pt\" lang=\"FR\">Riassumendo il risultato elettorale mostra un&#8217;Olanda pluralista, in cui la frammentazione \u00e8 espressione di libert\u00e0 di pensiero e talvolta anche di protesta. Tutto ci\u00f2 \u00e8 possibile se si applica un sistema proporzionale che permette alle minoranze di dare il proprio contributo al risultato elettorale. Secondo me \u00e8 tuttora la forma migliore di democrazia, un sistema proporzionale in cui tutti possono candidarsi a diventare partito di governo. <\/span><\/font><font size=\"2\" face=\"Verdana\"><span style=\"font-family: Verdana; font-size: 10pt\"><\/span><\/font><\/p>\n<p class=\"ecxecxMsoNormal\"><font size=\"3\" face=\"Times New Roman\" color=\"#222222\"><span style=\"color: #222222; font-size: 12pt\" lang=\"FR\"><\/span><\/font><font size=\"2\" face=\"Verdana\"><span style=\"font-family: Verdana; font-size: 10pt\"><\/span><\/font><\/p>\n<p class=\"ecxecxMsoNormal\"><font size=\"3\" face=\"Times New Roman\" color=\"#222222\"><span style=\"color: #222222; font-size: 12pt\" lang=\"FR\">D&#8217;altro canto si pone ora il problema della governabilit\u00e0. E&#8217;chiaro che la formazione della coalizione di governo sar\u00e0 lunga e accidentata. <\/span><\/font><font color=\"#222222\"><span style=\"color: #222222\" lang=\"EN-GB\">Le ipotesi sul tappeto sono molto variegate, ne vengono prese in considerazione almeno 7 con 3 o addirittura 5 partiti.\u00a0 Ma tutto ci\u00f2 \u00e8 mille volte preferibile alla prepotenza di un sistema come quello italiano in cui le minoranze vengono messe a tacere e la coalizione che vince, magari soltanto per pochi punti percentuali si permette di governare in maniera dittatoriale imponendo fiducia su fiducia e costringendo met\u00e0 dell&#8217;elettorato ad accettare leggi ad personam, fortemente osteggiate se non addirittura incostituzionali, come l&#8217;attuale ddl intercettazioni.<\/span><\/font><font size=\"2\" face=\"Verdana\"><span style=\"font-family: Verdana; font-size: 10pt\"><\/span><\/font><\/p>\n<p class=\"ecxecxMsoNormal\"><font size=\"3\" face=\"Times New Roman\" color=\"#222222\"><span style=\"color: #222222; font-size: 12pt\" lang=\"EN-GB\"><\/span><\/font><font size=\"2\" face=\"Verdana\"><span style=\"font-family: Verdana; font-size: 10pt\"><\/span><\/font><\/p>\n<p class=\"ecxecxMsoNormal\"><font size=\"3\" face=\"Times New Roman\" color=\"#222222\"><span style=\"color: #222222; font-size: 12pt\" lang=\"FR\">Viva l&#8217;Olanda, viva il pluralismo e il pensiero democratico e plurale allora, dove tanti partiti diversi che vanno dal 6% al 20% possono esprimersi e perch\u00e9 no partecipare a una coalizione di governo che deve puntare al risanamento dell&#8217;economia e al futuro del paese.<\/span><\/font><font size=\"2\" face=\"Verdana\"><span style=\"font-family: Verdana; font-size: 10pt\"><\/span><\/font><\/p>\n<p style=\"margin-bottom: 12pt\" class=\"ecxecxMsoNormal\"><font size=\"2\" face=\"Verdana\"><span style=\"font-family: Verdana; font-size: 10pt\"><br \/>\n<\/span><\/font><\/p>\n","protected":false},"excerpt":{"rendered":"<p>IN OLANDA VINCE IL PENSIERO PLURALE \u00a0 A distanza di\u00a0alcuni giorni\u00a0dal risultato elettorale in Olanda vorrei fare alcune riflessioni. Innanzitutto vorrei dire che l&#8217;Olanda conferma di essere un paese democratico, aperto e pluralista in cui ognuno pu\u00f2 esprimere le proprie &hellip; <a href=\"https:\/\/silviaterribili.org\/?p=97\">Continue reading <span class=\"meta-nav\">&rarr;<\/span><\/a><\/p>\n","protected":false},"author":2,"featured_media":0,"comment_status":"open","ping_status":"open","sticky":false,"template":"","format":"standard","meta":{"footnotes":""},"categories":[71],"tags":[380,382,381,383],"class_list":["post-97","post","type-post","status-publish","format-standard","hentry","category-elezioni-europee-2009","tag-elezioni-olanda","tag-governo-viola","tag-pensiero-plurale","tag-pluralismo-olandese"],"_links":{"self":[{"href":"https:\/\/silviaterribili.org\/index.php?rest_route=\/wp\/v2\/posts\/97","targetHints":{"allow":["GET"]}}],"collection":[{"href":"https:\/\/silviaterribili.org\/index.php?rest_route=\/wp\/v2\/posts"}],"about":[{"href":"https:\/\/silviaterribili.org\/index.php?rest_route=\/wp\/v2\/types\/post"}],"author":[{"embeddable":true,"href":"https:\/\/silviaterribili.org\/index.php?rest_route=\/wp\/v2\/users\/2"}],"replies":[{"embeddable":true,"href":"https:\/\/silviaterribili.org\/index.php?rest_route=%2Fwp%2Fv2%2Fcomments&post=97"}],"version-history":[{"count":0,"href":"https:\/\/silviaterribili.org\/index.php?rest_route=\/wp\/v2\/posts\/97\/revisions"}],"wp:attachment":[{"href":"https:\/\/silviaterribili.org\/index.php?rest_route=%2Fwp%2Fv2%2Fmedia&parent=97"}],"wp:term":[{"taxonomy":"category","embeddable":true,"href":"https:\/\/silviaterribili.org\/index.php?rest_route=%2Fwp%2Fv2%2Fcategories&post=97"},{"taxonomy":"post_tag","embeddable":true,"href":"https:\/\/silviaterribili.org\/index.php?rest_route=%2Fwp%2Fv2%2Ftags&post=97"}],"curies":[{"name":"wp","href":"https:\/\/api.w.org\/{rel}","templated":true}]}}