{"id":81,"date":"2010-04-07T00:02:46","date_gmt":"2010-04-06T23:02:46","guid":{"rendered":"http:\/\/silviaterribili.org\/blog\/wordpress\/?p=81"},"modified":"2010-04-07T00:02:46","modified_gmt":"2010-04-06T23:02:46","slug":"che-ci-guadagniamo-dal-federalismo-fiscale","status":"publish","type":"post","link":"https:\/\/silviaterribili.org\/?p=81","title":{"rendered":"Che ci guadagniamo dal federalismo fiscale?"},"content":{"rendered":"<p><span style=\"font-size: 18pt\" lang=\"EN-GB\"><font face=\"Times New Roman\">Che ci guadagniamo dal federalismo fiscale? <o:p><\/o:p><\/font><\/span><span style=\"font-size: 18pt\" lang=\"EN-GB\"><o:p><font face=\"Times New Roman\">\u00a0<\/font><\/o:p><\/span><span style=\"font-size: 18pt\" lang=\"EN-GB\"><o:p><font face=\"Times New Roman\">\u00a0<img decoding=\"async\" src=\"http:\/\/files.splinder.com\/79603a6cffc274d96866ee2475b6e790.jpg\" \/><\/font><\/o:p><\/span><span style=\"font-size: 18pt\" lang=\"FR\"><font face=\"Times New Roman\">Sarei molto curiosa di capire quali vantaggi concreti arriveranno dal federalismo fiscale ai cittadini, dipendenti pubblici o pensionati, che pagano pesanti tasse su tutto senza godere di servizi adeguati. Quel federalismo tanto osannato dalla Lega Nord ma che lascia completamente indifferente un toscano o un umbro. Mi piacerebbe che qualcuno mi spiegasse in concreto in che modo il federalismo risolver\u00e0 i problemi degli italiani.<o:p><\/o:p><\/font><\/span><span style=\"font-size: 18pt\" lang=\"FR\"><o:p><font face=\"Times New Roman\">\u00a0<\/font><\/o:p><\/span><span style=\"font-size: 18pt\" lang=\"FR\"><o:p><font face=\"Times New Roman\">\u00a0<\/font><\/o:p><\/span><span style=\"font-size: 18pt\" lang=\"FR\"><font face=\"Times New Roman\">Sarebbe bello capire che vantaggi trarremo, noi milioni di cittadini che pagano le tasse, dalla separazione delle carriere dei magistrati<span>\u00a0 <\/span>o dalla riforma dei criteri di selezione dei membri del CSM che diventeranno sempre pi\u00f9 succubi delle maggioranze governative.<o:p><\/o:p><\/font><\/span><span style=\"font-size: 18pt\" lang=\"FR\"><o:p><font face=\"Times New Roman\">\u00a0<\/font><\/o:p><\/span><span style=\"font-size: 18pt\" lang=\"FR\"><o:p><font face=\"Times New Roman\">\u00a0<\/font><\/o:p><\/span><span style=\"font-size: 18pt\" lang=\"FR\"><font face=\"Times New Roman\">Sarebbe bello infine capire perch\u00e9 Berlusconi vuole a tutti i costi l&#8217;elezione diretta del Presidente del Consiglio o del Presidente della Repubblica. Sarebbe bello capire che vantaggio trarremo dal rafforzamento dei poteri del premier soprattutto se quel premier gi\u00e0 controlla tra l&#8217;altro 6 TV nazionali su 7 e pu\u00f2 permettersi di telefonare a organi di garanzia per cancellare i programmi che non gli piacciono.<o:p><\/o:p><\/font><\/span><span style=\"font-size: 18pt\" lang=\"FR\"><o:p><font face=\"Times New Roman\">\u00a0<\/font><\/o:p><\/span><span style=\"font-size: 18pt\" lang=\"FR\"><o:p><font face=\"Times New Roman\">\u00a0<\/font><\/o:p><\/span><span style=\"font-size: 18pt\" lang=\"FR\"><font face=\"Times New Roman\">Di tutte queste priorit\u00e0 il comune cittadino non sa che farsene, anzi pu\u00f2 solo temere che la propria libert\u00e0 e i propri diritti costituzionali saranno sempre pi\u00f9<span>\u00a0 <\/span>a rischio, se la democrazia viene sempre pi\u00f9 scalzata per far posto a una gestione pubblica da fare invidia a don Rodrigo. Un mondo ingiusto e neofeudale in cui i potenti fanno quello che gli pare, mentre i poveracci come Renzo che vanno dall&#8217;avvocato per difendersi dai prepotenti, rischiano di essere loro stessi perseguitati invece che difesi.<o:p><\/o:p><\/font><\/span><span style=\"font-size: 18pt\" lang=\"FR\"><o:p><font face=\"Times New Roman\">\u00a0<\/font><\/o:p><\/span><span style=\"font-size: 18pt\" lang=\"FR\"><o:p><font face=\"Times New Roman\">\u00a0<\/font><\/o:p><\/span><span style=\"font-size: 18pt\" lang=\"FR\"><font face=\"Times New Roman\">E&#8217; questa la societ\u00e0 che vogliamo?<o:p><\/o:p><\/font><\/span><span style=\"font-size: 18pt\" lang=\"FR\"><o:p><font face=\"Times New Roman\">\u00a0<\/font><\/o:p><\/span><span style=\"font-size: 18pt\" lang=\"FR\"><o:p><font face=\"Times New Roman\">\u00a0<\/font><\/o:p><\/span><span style=\"font-size: 18pt\" lang=\"FR\"><font face=\"Times New Roman\">E&#8217; questa l&#8217;Italia che vogliamo?<span>\u00a0 <\/span>Un&#8217;Italia di pochi superpotenti e di tanti servi ubbidienti?<o:p><\/o:p><\/font><\/span><span style=\"font-size: 18pt\" lang=\"FR\"><o:p><font face=\"Times New Roman\">\u00a0<\/font><\/o:p><\/span><span style=\"font-size: 18pt\" lang=\"FR\"><o:p><font face=\"Times New Roman\">\u00a0<\/font><\/o:p><\/span><span style=\"font-size: 18pt\" lang=\"FR\"><font face=\"Times New Roman\">Solo di una cosa siamo certi. Se il governo render\u00e0 pi\u00f9 difficili le intercettazioni, 60 milioni di italiani subiranno un danno incalcolabile in termini di giustizia e sicurezza negata.<o:p><\/o:p><\/font><\/span><span style=\"font-size: 18pt\" lang=\"FR\"><o:p><font face=\"Times New Roman\">\u00a0<\/font><\/o:p><\/span><span style=\"font-size: 18pt\" lang=\"FR\"><o:p><font face=\"Times New Roman\">\u00a0<\/font><\/o:p><\/span><span style=\"font-size: 18pt\" lang=\"FR\"><font face=\"Times New Roman\">Siamo sicuri che i cittadini italiani almeno di questo se ne renderanno conto e non accetteranno che venga in nessun modo intaccato un preziosissimo strumento nelle mani degli inquirenti.<o:p><\/o:p><\/font><\/span><span style=\"font-size: 18pt\" lang=\"FR\"><o:p><font face=\"Times New Roman\">\u00a0<\/font><\/o:p><\/span><\/p>\n<p style=\"margin: 0cm 0cm 0pt\" class=\"MsoNormal\"><span style=\"font-size: 18pt\" lang=\"FR\"><font face=\"Times New Roman\">Sarebbe bello se gli italiani capissero che di tutte le priorit\u00e0 governative sopra riportate non ce n&#8217;\u00e8 una che vada a diretto vantaggio dei disoccupati, dei precari, delle donne, dei giovani, degli anziani, dei malati, dei diversamente abili. <\/font><\/span><\/p>\n<p><span style=\"font-size: 18pt\" lang=\"FR\"><font face=\"Times New Roman\"><img decoding=\"async\" src=\"http:\/\/ferrara.blogolandia.it\/files\/2008\/09\/federalismo_fiscale.gif\" \/><o:p><\/o:p><\/font><\/span><\/p>\n","protected":false},"excerpt":{"rendered":"<p>Che ci guadagniamo dal federalismo fiscale? \u00a0\u00a0Sarei molto curiosa di capire quali vantaggi concreti arriveranno dal federalismo fiscale ai cittadini, dipendenti pubblici o pensionati, che pagano pesanti tasse su tutto senza godere di servizi adeguati. Quel federalismo tanto osannato dalla &hellip; <a href=\"https:\/\/silviaterribili.org\/?p=81\">Continue reading <span class=\"meta-nav\">&rarr;<\/span><\/a><\/p>\n","protected":false},"author":2,"featured_media":0,"comment_status":"open","ping_status":"open","sticky":false,"template":"","format":"standard","meta":{"footnotes":""},"categories":[224],"tags":[14,331,79,332,333,335,334],"class_list":["post-81","post","type-post","status-publish","format-standard","hentry","category-economia","tag-berlusconi","tag-federalismo-fiscale","tag-intercettazioni","tag-italia-unita","tag-lega-nord","tag-riforma-csm","tag-riforma-giustizia"],"_links":{"self":[{"href":"https:\/\/silviaterribili.org\/index.php?rest_route=\/wp\/v2\/posts\/81","targetHints":{"allow":["GET"]}}],"collection":[{"href":"https:\/\/silviaterribili.org\/index.php?rest_route=\/wp\/v2\/posts"}],"about":[{"href":"https:\/\/silviaterribili.org\/index.php?rest_route=\/wp\/v2\/types\/post"}],"author":[{"embeddable":true,"href":"https:\/\/silviaterribili.org\/index.php?rest_route=\/wp\/v2\/users\/2"}],"replies":[{"embeddable":true,"href":"https:\/\/silviaterribili.org\/index.php?rest_route=%2Fwp%2Fv2%2Fcomments&post=81"}],"version-history":[{"count":0,"href":"https:\/\/silviaterribili.org\/index.php?rest_route=\/wp\/v2\/posts\/81\/revisions"}],"wp:attachment":[{"href":"https:\/\/silviaterribili.org\/index.php?rest_route=%2Fwp%2Fv2%2Fmedia&parent=81"}],"wp:term":[{"taxonomy":"category","embeddable":true,"href":"https:\/\/silviaterribili.org\/index.php?rest_route=%2Fwp%2Fv2%2Fcategories&post=81"},{"taxonomy":"post_tag","embeddable":true,"href":"https:\/\/silviaterribili.org\/index.php?rest_route=%2Fwp%2Fv2%2Ftags&post=81"}],"curies":[{"name":"wp","href":"https:\/\/api.w.org\/{rel}","templated":true}]}}