{"id":79,"date":"2010-03-25T20:27:19","date_gmt":"2010-03-25T19:27:19","guid":{"rendered":"http:\/\/silviaterribili.org\/blog\/wordpress\/?p=79"},"modified":"2010-03-25T20:31:29","modified_gmt":"2010-03-25T19:31:29","slug":"il-giuramento-del-candidato-silvia-freschini-veneto","status":"publish","type":"post","link":"https:\/\/silviaterribili.org\/?p=79","title":{"rendered":"Il giuramento del candidato: Silvia Freschini &#8211; Veneto"},"content":{"rendered":"<p><font face=\"Times New Roman\"><span style=\"color: #444444\" lang=\"FR\">Il Giuramento del Candidato, aperto a tutti i candidati alle prossime elezioni regionali del 28 e 29 marzo 2010<\/span><span style=\"color: #444444\"><o:p><\/o:p><\/span><\/font><font face=\"Times New Roman\"><span style=\"color: #444444\" lang=\"FR\">\u00a0<a href=\"http:\/\/4.bp.blogspot.com\/_mulq77e7pAk\/S6tEUmfQNmI\/AAAAAAAAAM0\/0Ki5vnDkXno\/s1600\/DSCF2994.JPG\" onblur=\"try {parent.deselectBloggerImageGracefully();} catch(e) {}\"><img decoding=\"async\" border=\"0\" src=\"http:\/\/4.bp.blogspot.com\/_mulq77e7pAk\/S6tEUmfQNmI\/AAAAAAAAAM0\/0Ki5vnDkXno\/s320\/DSCF2994.JPG\" style=\"text-align: center; margin: 0px auto 10px; width: 240px; display: block; height: 320px; cursor: hand\" id=\"BLOGGER_PHOTO_ID_5452526894581823074\" \/><\/a><\/span><span style=\"color: #444444\"><o:p><\/o:p><\/span><\/font><span style=\"color: #444444\" lang=\"FR\"><font face=\"Times New Roman\">Invito a votare uno dei candidati che hanno aderito finora al mio \u201cgiuramento del candidato\u201d che accludo qui di seguito, augurandomi che siano eletti e che continuino comunque a impegnarsi per una politica pulita anche dopo le elezioni.<\/font><\/span><span style=\"color: #444444\" lang=\"NL\"><br \/>\n<\/span><span style=\"color: #444444\" lang=\"FR\"><font face=\"Times New Roman\">\u00a0In un momento cos\u00ec difficile e triste per l\u2019Italia, in cui la crisi economica si associa a uno spaventoso vuoto di valori e di sentimenti di civilt\u00e0, solidariet\u00e0, rispetto del prossimo, \u00e8 pi\u00f9 importante che mai continuare a credere e impegnarsi per una politica migliore.<\/font><\/span><span style=\"color: #444444\" lang=\"NL\"><br \/>\n<\/span><span style=\"color: #444444\" lang=\"FR\"><font face=\"Times New Roman\">Protestare e criticare non basta, dobbiamo diventare veramente protagonisti di un\u2019alternativa concreta dalla parte dei cittadini.<\/font><\/span><span style=\"color: #444444\" lang=\"NL\"><br \/>\n<\/span><span style=\"color: #444444\" lang=\"FR\"><font face=\"Times New Roman\">Auguro un grande successo a tutti coloro che ci credono ancora.\u00a0<\/font><\/span><span style=\"color: #444444\" lang=\"NL\"><br \/>\n<\/span><span style=\"color: #444444\" lang=\"FR\"><font face=\"Times New Roman\">\u00a0<\/font><\/span><span style=\"color: #444444\" lang=\"NL\"><br \/>\n<\/span><span style=\"color: #444444\" lang=\"EN-GB\"><font face=\"Times New Roman\">Il giuramento del candidato<\/font><\/span><span style=\"color: #444444\" lang=\"NL\"><br \/>\n<\/span><span style=\"color: #444444\" lang=\"EN-GB\"><font face=\"Times New Roman\">\u00a0<\/font><\/span><span style=\"color: #444444\" lang=\"NL\"><br \/>\n<\/span><span style=\"color: #444444\" lang=\"EN-GB\"><font face=\"Times New Roman\">E\u2019 noto che i cittadini votano il candidato che gli somiglia, che ha i suoi stessi ideali e contenuti umani o si comporta come lui, per questo ho buttato gi\u00f9 una serie di promesse che io farei agli elettori se fossi candidata.<\/font><\/span><span style=\"color: #444444\" lang=\"NL\"><br \/>\n<\/span><span style=\"color: #444444\" lang=\"EN-GB\"><font face=\"Times New Roman\">\u00a0<\/font><\/span><span style=\"color: #444444\" lang=\"NL\"><br \/>\n<\/span><span style=\"color: #444444\" lang=\"EN-GB\"><font face=\"Times New Roman\">L\u2019ho spedita ad alcuni candidati, ma il mio scopo \u00e8 di diffonderla il pi\u00f9 possibile, di modo che tutti possano partecipare e presentarsi al cittadino con i propri sogni e ideali.<\/font><\/span><span style=\"color: #444444\" lang=\"NL\"><br \/>\n<\/span><span style=\"color: #444444\" lang=\"EN-GB\"><font face=\"Times New Roman\">\u00a0\u00a0<\/font><\/span><span style=\"color: #444444\" lang=\"NL\"><br \/>\n<\/span><span style=\"color: #444444\" lang=\"EN-GB\"><font face=\"Times New Roman\">Pubblicher\u00f2 di volta in volta questa specie di giuramento del candidato.<\/font><\/span><span style=\"color: #444444\" lang=\"NL\"><br \/>\n<\/span><span style=\"color: #444444\" lang=\"EN-GB\"><font face=\"Times New Roman\">\u00a0<\/font><\/span><span style=\"color: #444444\" lang=\"NL\"><br \/>\n<\/span><span style=\"color: #444444\" lang=\"EN-GB\"><font face=\"Times New Roman\">Spero di far cosa utile a tutti gli elettori che si sentono abbandonati o delusi dalla politica.<\/font><\/span><span style=\"color: #444444\" lang=\"NL\"><br \/>\n<\/span><span style=\"color: #444444\" lang=\"EN-GB\"><font face=\"Times New Roman\">\u00a0<\/font><\/span><span style=\"color: #444444\" lang=\"NL\"><br \/>\n<\/span><span style=\"color: #444444\" lang=\"FR\"><font face=\"Times New Roman\">Vorrei dire loro\u00a0: non disperate, se voi stessi avete ancora degli ideali, dei principi, dei valori umani e civili forti, ci saranno sicuramente tanti altri come voi. Per fare maggioranza dobbiamo farci conoscere e diffondere le idee e la speranza. Costruire un futuro migliore per l\u2019Italia e l\u2019Europa.<\/font><\/span><span style=\"color: #444444\" lang=\"NL\"><br \/>\n<\/span><span style=\"color: #444444\" lang=\"FR\"><font face=\"Times New Roman\">\u00a0<\/font><\/span><span style=\"color: #444444\" lang=\"NL\"><br \/>\n<\/span><span style=\"color: #444444\" lang=\"FR\"><font face=\"Times New Roman\">\u00a0<\/font><\/span><span style=\"color: #444444\" lang=\"NL\"><br \/>\n<\/span><span style=\"color: #444444\" lang=\"FR\"><font face=\"Times New Roman\">\u00a0<\/font><\/span><span style=\"color: #444444\" lang=\"NL\"><br \/>\n<\/span><span style=\"color: #444444\" lang=\"EN-GB\"><font face=\"Times New Roman\">Allego il giuramento di Silvia Freschini, candidata alle regionali del 28 e 29 marzo nel Veneto<\/font><\/span><span style=\"color: #444444\" lang=\"NL\"><br \/>\n<\/span><span style=\"color: #444444\" lang=\"EN-GB\"><font face=\"Times New Roman\">\u00a0<\/font><\/span><span style=\"color: #444444\" lang=\"NL\"><br \/>\n<\/span><span style=\"color: #444444\" lang=\"EN-GB\"><font face=\"Times New Roman\">\u00a0<\/font><\/span><span style=\"color: #444444\" lang=\"NL\"><br \/>\n<\/span><span style=\"color: #444444\" lang=\"EN-GB\"><font face=\"Times New Roman\">\u00a0<\/font><\/span><span style=\"color: #444444\" lang=\"NL\"><br \/>\n<\/span><font face=\"Times New Roman\"><span style=\"color: #444444\" lang=\"EN-GB\">\u00a0<\/span><span style=\"color: #444444\" lang=\"NL\"><o:p><\/o:p><\/span><\/font><font face=\"Arial Unicode MS\"><span style=\"color: #444444\" lang=\"EN-GB\">1.<\/span><span style=\"color: #444444; font-size: 7pt\" lang=\"EN-GB\">\u00a0\u00a0\u00a0\u00a0\u00a0 <\/span><span style=\"color: #444444\" lang=\"EN-GB\">Nome del candidato\u00a0: SILVIA FRESCHINI<\/span><span style=\"color: #444444\" lang=\"NL\"><o:p><\/o:p><\/span><\/font><font face=\"Arial Unicode MS\"><span style=\"color: #444444\" lang=\"FR\">\u00a0<\/span><\/font><font face=\"Arial Unicode MS\"><span style=\"color: #444444\" lang=\"FR\"><\/span><\/font><font face=\"Arial Unicode MS\"><span style=\"color: #444444\" lang=\"FR\"><\/span><span style=\"color: #444444\" lang=\"NL\"><o:p><\/o:p><\/span><\/font><font face=\"Arial Unicode MS\"><span style=\"color: #444444\" lang=\"FR\">\u00a0<\/span><\/font><font face=\"Arial Unicode MS\"><span style=\"color: #444444\" lang=\"FR\"><\/span><\/font><\/p>\n<p><font face=\"Arial Unicode MS\"><span style=\"color: #444444\" lang=\"FR\"><\/span><span style=\"color: #444444\" lang=\"NL\"><o:p><\/o:p><\/span><\/font><font face=\"Arial Unicode MS\"><span style=\"color: #444444\" lang=\"FR\">2.<\/span><span style=\"color: #444444; font-size: 7pt\" lang=\"FR\">\u00a0\u00a0\u00a0\u00a0\u00a0 <\/span><span style=\"color: #444444\" lang=\"FR\">Partito a cui \u00e8 iscritto\u00a0: ITALIA DEI VALORI<\/span><span style=\"color: #444444\" lang=\"NL\"><o:p><\/o:p><\/span><\/font><font face=\"Times New Roman\"><span style=\"color: #444444\" lang=\"FR\">\u00a0<\/span><\/font><font face=\"Times New Roman\"><span style=\"color: #444444\" lang=\"FR\"><\/span><\/font><\/p>\n<p><font face=\"Times New Roman\"><span style=\"color: #444444\" lang=\"FR\"><\/span><\/font><font face=\"Times New Roman\"><span style=\"color: #444444\" lang=\"FR\"><\/span><\/font><font face=\"Times New Roman\"><span style=\"color: #444444\" lang=\"FR\"><\/span><span style=\"color: #444444\" lang=\"NL\"><o:p><\/o:p><\/span><\/font><font face=\"Arial Unicode MS\"><span style=\"color: #444444\" lang=\"FR\">3.<\/span><span style=\"color: #444444; font-size: 7pt\" lang=\"FR\">\u00a0\u00a0\u00a0\u00a0\u00a0 <\/span><span style=\"color: #444444\" lang=\"FR\">Partito con cui si candida\u00a0: ITALIA DEI VALORI<\/span><span style=\"color: #444444\" lang=\"NL\"><o:p><\/o:p><\/span><\/font><font face=\"Arial Unicode MS\"><span style=\"color: #444444\" lang=\"FR\">\u00a0<\/span><span style=\"color: #444444\" lang=\"NL\"><o:p><\/o:p><\/span><\/font><font face=\"Arial Unicode MS\"><span style=\"color: #444444\" lang=\"FR\">\u00a0<\/span><\/font><font face=\"Arial Unicode MS\"><span style=\"color: #444444\" lang=\"FR\"><\/span><\/font><\/p>\n<p><font face=\"Arial Unicode MS\"><span style=\"color: #444444\" lang=\"FR\"><\/span><\/font><font face=\"Arial Unicode MS\"><span style=\"color: #444444\" lang=\"FR\"><\/span><\/font><font face=\"Arial Unicode MS\"><span style=\"color: #444444\" lang=\"FR\"><\/span><span style=\"color: #444444\" lang=\"NL\"><o:p><\/o:p><\/span><\/font><font face=\"Arial Unicode MS\"><span style=\"color: #444444\" lang=\"EN-GB\">4.<\/span><span style=\"color: #444444; font-size: 7pt\" lang=\"EN-GB\">\u00a0\u00a0\u00a0\u00a0\u00a0 <\/span><span style=\"color: #444444\" lang=\"EN-GB\">Promette che far\u00e0 di tutto per promuovere le rinnovabili come eolico, solare, energia da moto ondoso, risparmio energetico\u00a0? ASSOLUTAMENTE SI<\/span><span style=\"color: #444444\" lang=\"NL\"><o:p><\/o:p><\/span><\/font><font face=\"Arial Unicode MS\"><span style=\"color: #444444\" lang=\"EN-GB\">\u00a0<\/span><\/font><font face=\"Arial Unicode MS\"><span style=\"color: #444444\" lang=\"EN-GB\"><\/span><\/font><\/p>\n<p><font face=\"Arial Unicode MS\"><span style=\"color: #444444\" lang=\"EN-GB\"><\/span><\/font><font face=\"Arial Unicode MS\"><span style=\"color: #444444\" lang=\"EN-GB\"><\/span><\/font><font face=\"Arial Unicode MS\"><span style=\"color: #444444\" lang=\"EN-GB\"><\/span><span style=\"color: #444444\" lang=\"NL\"><o:p><\/o:p><\/span><\/font><font face=\"Arial Unicode MS\"><span style=\"color: #444444\" lang=\"EN-GB\">5.<\/span><span style=\"color: #444444; font-size: 7pt\" lang=\"EN-GB\">\u00a0\u00a0\u00a0\u00a0\u00a0 <\/span><span style=\"color: #444444\" lang=\"EN-GB\">Promette che si adoperer\u00e0 in ogni modo per promuovere l\u2019auto alimentata a batterie ricaricabili con eolico e solare? ASSOLUTAMENTE SI<\/span><span style=\"color: #444444\" lang=\"NL\"><o:p><\/o:p><\/span><\/font><font face=\"Arial Unicode MS\"><span style=\"color: #444444\" lang=\"EN-GB\">\u00a0<\/span><\/font><font face=\"Arial Unicode MS\"><span style=\"color: #444444\" lang=\"EN-GB\"><\/span><\/font><\/p>\n<p><font face=\"Arial Unicode MS\"><span style=\"color: #444444\" lang=\"EN-GB\"><\/span><span style=\"color: #444444\" lang=\"NL\"><o:p><\/o:p><\/span><\/font><font face=\"Arial Unicode MS\"><span style=\"color: #444444\" lang=\"EN-GB\">6.<\/span><span style=\"color: #444444; font-size: 7pt\" lang=\"EN-GB\">\u00a0\u00a0\u00a0\u00a0\u00a0<\/span><\/font><font face=\"Arial Unicode MS\"><span style=\"color: #444444; font-size: 7pt\" lang=\"EN-GB\"><\/span><\/font><font face=\"Arial Unicode MS\"><span style=\"color: #444444; font-size: 7pt\" lang=\"EN-GB\">\u00a0<\/span><span style=\"color: #444444\" lang=\"EN-GB\">Promette che si opporr\u00e0 in ogni modo alla costruzione di centrali nucleari\u00a0sul proprio territorio e in tutta Italia? ASSOLUTAMENTE SI<\/span><span style=\"color: #444444\" lang=\"NL\"><o:p><\/o:p><\/span><\/font><font face=\"Arial Unicode MS\"><span style=\"color: #444444\" lang=\"FR\">\u00a0<\/span><\/font><font face=\"Arial Unicode MS\"><span style=\"color: #444444\" lang=\"FR\"><\/span><\/font><\/p>\n<p><font face=\"Arial Unicode MS\"><span style=\"color: #444444\" lang=\"FR\"><\/span><\/font><font face=\"Arial Unicode MS\"><span style=\"color: #444444\" lang=\"FR\"><\/span><span style=\"color: #444444\" lang=\"NL\"><o:p><\/o:p><\/span><\/font><font face=\"Arial Unicode MS\"><span style=\"color: #444444\" lang=\"FR\">7.<\/span><span style=\"color: #444444; font-size: 7pt\" lang=\"FR\">\u00a0\u00a0\u00a0\u00a0\u00a0 <\/span><span style=\"color: #444444\" lang=\"FR\">Promette che che si adoperer\u00e0 in ogni modo per promuovere l\u2019agricoltura biologica esente da pesticidi, erbicidi, ormoni\u00a0e OGM? SI PER I PRIMI TRE, PER GLI OGM DOVREI PREPARARMI MEGLIO<\/span><span style=\"color: #444444\" lang=\"NL\"><o:p><\/o:p><\/span><\/font><font face=\"Arial Unicode MS\"><span style=\"color: #444444\" lang=\"FR\">\u00a0<\/span><\/font><font face=\"Arial Unicode MS\"><span style=\"color: #444444\" lang=\"FR\"><\/span><\/font><\/p>\n<p><font face=\"Arial Unicode MS\"><span style=\"color: #444444\" lang=\"FR\"><\/span><\/font><font face=\"Arial Unicode MS\"><span style=\"color: #444444\" lang=\"FR\"><\/span><\/font><font face=\"Arial Unicode MS\"><span style=\"color: #444444\" lang=\"FR\"><\/span><span style=\"color: #444444\" lang=\"NL\"><o:p><\/o:p><\/span><\/font><font face=\"Arial Unicode MS\"><span style=\"color: #444444\" lang=\"FR\">8.<\/span><span style=\"color: #444444; font-size: 7pt\" lang=\"FR\">\u00a0\u00a0\u00a0\u00a0\u00a0 <\/span><span style=\"color: #444444\" lang=\"FR\">Dichiara di essere assolutamente libero da condizionamenti di tipo imprenditoriale o lobbyistico che impedirebbero la sua libert\u00e0 di scelta politica\u00a0a favore dei cittadini<\/span><span style=\"color: #444444\" lang=\"NL\"><o:p><\/o:p><\/span><\/font><font face=\"Arial Unicode MS\"><span style=\"color: #444444\" lang=\"FR\">SI<\/span><span style=\"color: #444444\" lang=\"NL\"><o:p><\/o:p><\/span><\/font><font face=\"Arial Unicode MS\"><span style=\"color: #444444\" lang=\"FR\">\u00a0<\/span><\/font><font face=\"Arial Unicode MS\"><span style=\"color: #444444\" lang=\"FR\"><\/span><\/font><\/p>\n<p><font face=\"Arial Unicode MS\"><span style=\"color: #444444\" lang=\"FR\"><\/span><\/font><font face=\"Arial Unicode MS\"><span style=\"color: #444444\" lang=\"FR\"><\/span><\/font><font face=\"Arial Unicode MS\"><span style=\"color: #444444\" lang=\"FR\"><\/span><span style=\"color: #444444\" lang=\"NL\"><o:p><\/o:p><\/span><\/font><font face=\"Arial Unicode MS\"><span style=\"color: #444444\" lang=\"FR\">9.<\/span><span style=\"color: #444444; font-size: 7pt\" lang=\"FR\">\u00a0\u00a0\u00a0\u00a0\u00a0 <\/span><span style=\"color: #444444\" lang=\"FR\">Promette che si adoperer\u00e0 in ogni modo perch\u00e9 sia fatta una legge anche regionale contro i conflitti di interessi\u00a0? SI<\/span><span style=\"color: #444444\" lang=\"NL\"><o:p><\/o:p><\/span><\/font><font face=\"Arial Unicode MS\"><span style=\"color: #444444\" lang=\"FR\">\u00a0<\/span><\/font><font face=\"Arial Unicode MS\"><span style=\"color: #444444\" lang=\"FR\"><\/span><\/font><\/p>\n<p><font face=\"Arial Unicode MS\"><span style=\"color: #444444\" lang=\"FR\"><\/span><span style=\"color: #444444\" lang=\"NL\"><o:p><\/o:p><\/span><\/font><font face=\"Arial Unicode MS\"><span style=\"color: #444444\" lang=\"FR\">10.<\/span><span style=\"color: #444444; font-size: 7pt\" lang=\"FR\">\u00a0 <\/span><span style=\"color: #444444\" lang=\"FR\">Promette che si adoperer\u00e0 in ogni modo affinch\u00e9 la regione promuova investimenti nel campo dell\u2019occupazione e conceda aiuti alle imprese solo se lanciano prodotti ecologicamente sostenibili come le auto a energia solare, oppure le tecnologie rinnovabili\u00a0? SI<\/span><span style=\"color: #444444\" lang=\"NL\"><o:p><\/o:p><\/span><\/font><font face=\"Arial Unicode MS\"><span style=\"color: #444444\" lang=\"FR\">\u00a0<\/span><\/font><font face=\"Arial Unicode MS\"><span style=\"color: #444444\" lang=\"FR\"><\/span><\/font><\/p>\n<p><font face=\"Arial Unicode MS\"><span style=\"color: #444444\" lang=\"FR\"><\/span><span style=\"color: #444444\" lang=\"NL\"><o:p><\/o:p><\/span><\/font><font face=\"Arial Unicode MS\"><span style=\"color: #444444\" lang=\"FR\">11.<\/span><span style=\"color: #444444; font-size: 7pt\" lang=\"FR\">\u00a0 <\/span><span style=\"color: #444444\" lang=\"FR\">Promette che si adoperer\u00e0 in ogni modo affinch\u00e9 la propria regione si muova nella direzione di ridurre a zero i rifiuti, abbandonando l\u2019incenerimento perch\u00e9 dannoso alla salute della popolazione e favorendo il riciclaggio e il compostaggio\u00a0? SI<\/span><span style=\"color: #444444\" lang=\"NL\"><o:p><\/o:p><\/span><\/font><font face=\"Arial Unicode MS\"><span style=\"color: #444444\" lang=\"FR\">\u00a0<\/span><\/font><font face=\"Arial Unicode MS\"><span style=\"color: #444444\" lang=\"FR\"><\/span><\/font><\/p>\n<p><font face=\"Arial Unicode MS\"><span style=\"color: #444444\" lang=\"FR\"><\/span><span style=\"color: #444444\" lang=\"NL\"><o:p><\/o:p><\/span><\/font><font face=\"Arial Unicode MS\"><span style=\"color: #444444\" lang=\"FR\">12.<\/span><span style=\"color: #444444; font-size: 7pt\" lang=\"FR\">\u00a0 <\/span><span style=\"color: #444444\" lang=\"FR\">Promette che si adoperer\u00e0 in ogni modo affinch\u00e9 la regione abbatta la mole degli imballaggi, promuova la vendita alla spina\u00a0 e reintroduca il vuoto a rendere obbligatorio\u00a0? SI<\/span><span style=\"color: #444444\" lang=\"NL\"><o:p><\/o:p><\/span><\/font><font face=\"Arial Unicode MS\"><span style=\"color: #444444\" lang=\"FR\">\u00a0<\/span><\/font><font face=\"Arial Unicode MS\"><span style=\"color: #444444\" lang=\"FR\"><\/span><\/font><\/p>\n<p><font face=\"Arial Unicode MS\"><span style=\"color: #444444\" lang=\"FR\"><\/span><span style=\"color: #444444\" lang=\"NL\"><o:p><\/o:p><\/span><\/font><font face=\"Arial Unicode MS\"><span style=\"color: #444444\" lang=\"FR\">13.<\/span><span style=\"color: #444444; font-size: 7pt\" lang=\"FR\">\u00a0 <\/span><span style=\"color: #444444\" lang=\"FR\">Promette che si adoperer\u00e0 in ogni modo affinch\u00e9 venga promosso il trasporto pubblico principalmente su rotaia\u00a0o elettrico? SI<\/span><span style=\"color: #444444\" lang=\"NL\"><o:p><\/o:p><\/span><\/font><font face=\"Times New Roman\"><span style=\"color: #444444\" lang=\"FR\">\u00a0<\/span><span style=\"color: #444444\" lang=\"NL\"><o:p><\/o:p><\/span><\/font><\/p>\n<h5 style=\"margin: 12pt 0cm 3pt; background: white\"><em><font face=\"Calibri\"><span lang=\"FR\"><font size=\"4\">14.<\/font><\/span><span style=\"font-size: 7pt\" lang=\"FR\">\u00a0\u00a0\u00a0 <\/span><font size=\"4\"><span style=\"color: #444444\" lang=\"FR\">E\u2019 favorevole alla <\/span><span style=\"color: black\" lang=\"FR\">reintroduzione della carbon tax (per la riduzione delle emissioni di anidride carbonica)\u00a0? NON SO, LE TASSE NON PIACCIONO A NESSUNO E LE PAGANO SEMPRE I SOLITI<\/span><span style=\"color: #f4793a\" lang=\"NL\"><o:p><\/o:p><\/span><\/font><\/font><\/em><\/h5>\n<p><font face=\"Arial Unicode MS\"><span style=\"color: #444444\" lang=\"FR\"><\/span><\/font><\/p>\n<p><font face=\"Arial Unicode MS\"><span style=\"color: #444444\" lang=\"FR\"><\/span><span style=\"color: #444444\" lang=\"NL\"><o:p><\/o:p><\/span><\/font><font face=\"Arial Unicode MS\"><span style=\"color: #444444\" lang=\"FR\">15.<\/span><span style=\"color: #444444; font-size: 7pt\" lang=\"FR\">\u00a0 <\/span><span style=\"color: #444444\" lang=\"FR\">Promette che si adoperer\u00e0 in ogni modo affinch\u00e9 venga promosso massiciamente l\u2019uso della bicicletta in citt\u00e0 come mezzo di trasporti per le brevi distanze\u00a0? SI<\/span><span style=\"color: #444444\" lang=\"NL\"><o:p><\/o:p><\/span><\/font><font face=\"Arial Unicode MS\"><span style=\"color: #444444\" lang=\"FR\">\u00a0<\/span><\/font><font face=\"Arial Unicode MS\"><span style=\"color: #444444\" lang=\"FR\"><\/span><\/font><\/p>\n<p><font face=\"Arial Unicode MS\"><span style=\"color: #444444\" lang=\"FR\"><\/span><span style=\"color: #444444\" lang=\"NL\"><o:p><\/o:p><\/span><\/font><font face=\"Arial Unicode MS\"><span style=\"color: #444444\" lang=\"FR\">16.<\/span><span style=\"color: #444444; font-size: 7pt\" lang=\"FR\">\u00a0 <\/span><span style=\"color: #444444\" lang=\"FR\">Promette che favorir\u00e0 in ogni modo la difesa dei diritti degli omosessuali e delle coppie di fatto\u00a0? SI, CON UNA DISTINZIONE PER CHI PRETENDE L&#8217;ADOZIONE DI FIGLI. <\/span><span style=\"color: #444444\" lang=\"NL\"><o:p><\/o:p><\/span><\/font><\/p>\n<h5 style=\"margin: 12pt 0cm 3pt; background: white\"><em><font face=\"Calibri\"><span lang=\"FR\"><font size=\"4\">17.<\/font><\/span><span style=\"font-size: 7pt\" lang=\"FR\">\u00a0\u00a0\u00a0 <\/span><font size=\"4\"><span style=\"color: black\" lang=\"FR\">E\u2019 favorevole all\u2019introduzione di tassa speciale sui redditi superiori ai 60.000 euro annui?<\/span><span style=\"color: #444444\" lang=\"FR\"> SE LA PAGASSERO, SI<\/span><span style=\"color: #f4793a\" lang=\"NL\"><o:p><\/o:p><\/span><\/font><\/font><\/em><\/h5>\n<p><font face=\"Arial Unicode MS\"><span style=\"color: #444444\" lang=\"FR\"><\/span><\/font><\/p>\n<p><font face=\"Arial Unicode MS\"><span style=\"color: #444444\" lang=\"FR\"><\/span><span style=\"color: #444444\" lang=\"NL\"><o:p><\/o:p><\/span><\/font><font face=\"Arial Unicode MS\"><span style=\"color: #444444\" lang=\"FR\">18.<\/span><span style=\"color: #444444; font-size: 7pt\" lang=\"FR\">\u00a0 <\/span><span style=\"color: #444444\" lang=\"FR\">Promette che favorir\u00e0 l\u2019introduzione di una tassazione sulle transazioni finanziarie\u00a0? COME PRIMA, SE LE PAGASSERO SI, DEVE ESISTERE UNA CERTEZZA O UNA TRATTENUTA ALLA FONTE<\/span><span style=\"color: #444444\" lang=\"NL\"><o:p><\/o:p><\/span><\/font><font face=\"Times New Roman\"><span style=\"color: #444444\" lang=\"FR\">\u00a0<\/span><\/font><font face=\"Times New Roman\"><span style=\"color: #444444\" lang=\"FR\"><\/span><span style=\"color: #444444\" lang=\"NL\"><o:p><\/o:p><\/span><\/font><font face=\"Arial Unicode MS\"><span style=\"color: #444444\" lang=\"FR\">19.<\/span><span style=\"color: #444444; font-size: 7pt\" lang=\"FR\">\u00a0 <\/span><span style=\"color: #444444\" lang=\"FR\">Promette che s\u2019impegner\u00e0 a fornire regolarmente ai cittadini su un suo blog informazioni e fornir\u00e0 massima trasparenza sulle attivit\u00e0 della Regione e del suo Consiglio regionale? SI<\/span><span style=\"color: #444444\" lang=\"NL\"><o:p><\/o:p><\/span><\/font><font face=\"Arial Unicode MS\"><span style=\"color: #444444\" lang=\"FR\">\u00a0<\/span><\/font><font face=\"Arial Unicode MS\"><span style=\"color: #444444\" lang=\"FR\"><\/span><\/font><\/p>\n<p><font face=\"Arial Unicode MS\"><span style=\"color: #444444\" lang=\"FR\"><\/span><span style=\"color: #444444\" lang=\"NL\"><o:p><\/o:p><\/span><\/font><font face=\"Arial Unicode MS\"><span style=\"color: #444444\" lang=\"FR\">20.<\/span><span style=\"color: #444444; font-size: 7pt\" lang=\"FR\">\u00a0 <\/span><span style=\"color: #444444\" lang=\"FR\">E\u2019 favorevole alla <\/span><span style=\"color: black\" lang=\"FR\">riduzione dei salari dei dirigenti pubblici con introduzione tetto massimo? SI<\/span><span style=\"color: #444444\" lang=\"NL\"><o:p><\/o:p><\/span><\/font><font face=\"Arial Unicode MS\"><span style=\"color: #444444\" lang=\"FR\">\u00a0<\/span><\/font><font face=\"Arial Unicode MS\"><span style=\"color: #444444\" lang=\"FR\"><\/span><\/font><\/p>\n<p><font face=\"Arial Unicode MS\"><span style=\"color: #444444\" lang=\"FR\"><\/span><span style=\"color: #444444\" lang=\"NL\"><o:p><\/o:p><\/span><\/font><font face=\"Arial Unicode MS\"><span style=\"color: #444444\" lang=\"FR\">21.<\/span><span style=\"color: #444444; font-size: 7pt\" lang=\"FR\">\u00a0 <\/span><span style=\"color: #444444\" lang=\"FR\">Promette che all\u2019interno del suo partito si adoperer\u00e0 a favore delle primarie interne per eleggere quadri, dirigenti e candidati\u00a0? SI<\/span><span style=\"color: #444444\" lang=\"NL\"><o:p><\/o:p><\/span><\/font><font face=\"Arial Unicode MS\"><span style=\"color: #444444\" lang=\"FR\">\u00a0<\/span><\/font><font face=\"Arial Unicode MS\"><span style=\"color: #444444\" lang=\"FR\"><\/span><\/font><\/p>\n<p><font face=\"Arial Unicode MS\"><span style=\"color: #444444\" lang=\"FR\"><\/span><span style=\"color: #444444\" lang=\"NL\"><o:p><\/o:p><\/span><\/font><font face=\"Arial Unicode MS\"><span style=\"color: #444444\" lang=\"EN-GB\">22.<\/span><span style=\"color: #444444; font-size: 7pt\" lang=\"EN-GB\">\u00a0 <\/span><span style=\"color: #444444\" lang=\"EN-GB\">In passato ha mai votato per Silvio Berlusconi\u00a0? NO MAI!<\/span><span style=\"color: #444444\" lang=\"NL\"><o:p><\/o:p><\/span><\/font><font face=\"Arial Unicode MS\"><span style=\"color: #444444\" lang=\"FR\">\u00a0<\/span><\/font><font face=\"Arial Unicode MS\"><span style=\"color: #444444\" lang=\"FR\"><\/span><\/font><\/p>\n<p><font face=\"Arial Unicode MS\"><span style=\"color: #444444\" lang=\"FR\"><\/span><span style=\"color: #444444\" lang=\"NL\"><o:p><\/o:p><\/span><\/font><font face=\"Arial Unicode MS\"><span style=\"color: #444444\" lang=\"FR\">23.<\/span><span style=\"color: #444444; font-size: 7pt\" lang=\"FR\">\u00a0 <\/span><span style=\"color: #444444\" lang=\"FR\">Se s\u00ec, perch\u00e9?<\/span><span style=\"color: #444444\" lang=\"NL\"><o:p><\/o:p><\/span><\/font><font face=\"Arial Unicode MS\"><span style=\"color: #444444\" lang=\"FR\">\u00a0<\/span><span style=\"color: #444444\" lang=\"NL\"><o:p><\/o:p><\/span><\/font><font face=\"Times New Roman\"><span style=\"color: #444444\" lang=\"FR\">_________________________________________________________________<\/span><span style=\"color: #444444\" lang=\"NL\"><o:p><\/o:p><\/span><\/font><font face=\"Arial Unicode MS\"><span style=\"color: #444444\" lang=\"FR\">\u00a0<\/span><\/font><font face=\"Arial Unicode MS\"><span style=\"color: #444444\" lang=\"FR\"><\/span><\/font><\/p>\n<p><font face=\"Arial Unicode MS\"><span style=\"color: #444444\" lang=\"FR\"><\/span><span style=\"color: #444444\" lang=\"NL\"><o:p><\/o:p><\/span><\/font><font face=\"Arial Unicode MS\"><span style=\"color: #444444\" lang=\"FR\">24.<\/span><span style=\"color: #444444; font-size: 7pt\" lang=\"FR\">\u00a0 <\/span><span style=\"color: #444444\" lang=\"FR\">Dichiara di non essere iscritto a associazioni che impongono segretezza e obbedienza.\u00a0\u00a0NON SONO ISCRITTA A QUESTO TIPO DI ASSOCIAZIONI<\/span><span style=\"color: #444444\" lang=\"NL\"><o:p><\/o:p><\/span><\/font><font face=\"Arial Unicode MS\"><span style=\"color: #444444\" lang=\"FR\">\u00a0<\/span><span style=\"color: #444444\" lang=\"NL\"><o:p><\/o:p><\/span><\/font><span style=\"color: #444444\" lang=\"EN-GB\"><font face=\"Arial Unicode MS\">25. Sito o blog interattivo del candidato <\/font><a target=\"_blank\" href=\"http:\/\/www.silviafreschini.blogspot.com\/\"><font face=\"Arial Unicode MS\">www.silviafreschini.blogspot.com<\/font><\/a><\/span><span style=\"color: #444444\" lang=\"NL\"><o:p><\/o:p><\/span><\/p>\n","protected":false},"excerpt":{"rendered":"<p>Il Giuramento del Candidato, aperto a tutti i candidati alle prossime elezioni regionali del 28 e 29 marzo 2010\u00a0Invito a votare uno dei candidati che hanno aderito finora al mio \u201cgiuramento del candidato\u201d che accludo qui di seguito, augurandomi che &hellip; <a href=\"https:\/\/silviaterribili.org\/?p=79\">Continue reading <span class=\"meta-nav\">&rarr;<\/span><\/a><\/p>\n","protected":false},"author":2,"featured_media":0,"comment_status":"open","ping_status":"open","sticky":false,"template":"","format":"standard","meta":{"footnotes":""},"categories":[86],"tags":[325,326,173,323,324],"class_list":["post-79","post","type-post","status-publish","format-standard","hentry","category-etica-in-politica","tag-elezioni-regionali-2010","tag-giuramente-candidato","tag-idv","tag-silvia-freschini","tag-veneto"],"_links":{"self":[{"href":"https:\/\/silviaterribili.org\/index.php?rest_route=\/wp\/v2\/posts\/79","targetHints":{"allow":["GET"]}}],"collection":[{"href":"https:\/\/silviaterribili.org\/index.php?rest_route=\/wp\/v2\/posts"}],"about":[{"href":"https:\/\/silviaterribili.org\/index.php?rest_route=\/wp\/v2\/types\/post"}],"author":[{"embeddable":true,"href":"https:\/\/silviaterribili.org\/index.php?rest_route=\/wp\/v2\/users\/2"}],"replies":[{"embeddable":true,"href":"https:\/\/silviaterribili.org\/index.php?rest_route=%2Fwp%2Fv2%2Fcomments&post=79"}],"version-history":[{"count":0,"href":"https:\/\/silviaterribili.org\/index.php?rest_route=\/wp\/v2\/posts\/79\/revisions"}],"wp:attachment":[{"href":"https:\/\/silviaterribili.org\/index.php?rest_route=%2Fwp%2Fv2%2Fmedia&parent=79"}],"wp:term":[{"taxonomy":"category","embeddable":true,"href":"https:\/\/silviaterribili.org\/index.php?rest_route=%2Fwp%2Fv2%2Fcategories&post=79"},{"taxonomy":"post_tag","embeddable":true,"href":"https:\/\/silviaterribili.org\/index.php?rest_route=%2Fwp%2Fv2%2Ftags&post=79"}],"curies":[{"name":"wp","href":"https:\/\/api.w.org\/{rel}","templated":true}]}}