{"id":76,"date":"2010-03-10T00:08:53","date_gmt":"2010-03-09T23:08:53","guid":{"rendered":"http:\/\/silviaterribili.org\/blog\/wordpress\/?p=76"},"modified":"2010-03-10T00:08:53","modified_gmt":"2010-03-09T23:08:53","slug":"sabato-13-marzo-manifestazione-in-difesa-della-liberta-di-espressione-della-democrazia-della-costituzione-della-legge-uguale-per-tutti","status":"publish","type":"post","link":"https:\/\/silviaterribili.org\/?p=76","title":{"rendered":"Sabato 13 marzo manifestazione in difesa della libert\u00e0 di espressione, della democrazia, della Costituzione, della legge uguale per tutti"},"content":{"rendered":"<p><img decoding=\"async\" src=\"http:\/\/civedobene.ilcannocchiale.it\/mediamanager\/sys.user\/117775\/Minzolini.jpg\" \/><\/p>\n<p><span style=\"font-family: 'Tahoma','sans-serif'; color: #444444; font-size: 10pt\" lang=\"NL\"><o:p>\u00a0<\/o:p><\/span><span style=\"font-family: 'Tahoma','sans-serif'; color: #444444; font-size: 10pt\" lang=\"NL\"><o:p>\u00a0<\/o:p><\/span><span style=\"font-family: 'Tahoma','sans-serif'; color: #444444; font-size: 10pt\" lang=\"NL\">Sabato 13 marzo manifestazione in difesa della libert\u00e0 di espressione, della democrazia, della Costituzione, della legge uguale per tutti <o:p><\/o:p><\/span><span style=\"font-family: 'Tahoma','sans-serif'; color: #444444; font-size: 10pt\" lang=\"NL\"><o:p>\u00a0<\/o:p><\/span><span style=\"line-height: 150%; font-family: 'Verdana','sans-serif'; color: #333333; font-size: 8.5pt\" lang=\"NL\">L&#8217;Italia, dal 5 marzo 2010, <strong><span style=\"font-family: 'Verdana','sans-serif'\">non e&#8217; piu&#8217; una democrazia parlamentare<\/span><\/strong>. <o:p><\/o:p><\/span><span style=\"line-height: 150%; font-family: 'Verdana','sans-serif'; color: #333333; font-size: 8.5pt\" lang=\"NL\">Il Governo <strong><span style=\"font-family: 'Verdana','sans-serif'\">Berlusconi <\/span><\/strong>ha cambiato la legge elettorale con un decreto legge <strong><span style=\"font-family: 'Verdana','sans-serif'\">per favorire il PDL<\/span><\/strong>, il proprio partito, alle prossime <strong><span style=\"font-family: 'Verdana','sans-serif'\">elezioni regionali del 28 e 29 marzo 2010<\/span><\/strong>.<o:p><\/o:p><\/span><span style=\"line-height: 150%; font-family: 'Verdana','sans-serif'; color: #333333; font-size: 8.5pt\" lang=\"NL\">Il PDL era stato escluso per <strong><span style=\"font-family: 'Verdana','sans-serif'\">gravi irregolarita&#8217; <\/span><\/strong>nel collegio elettorale di Roma, dove non aveva depositato le firme nei tempi fissati dalla legge.<o:p><\/o:p><\/span><span style=\"line-height: 150%; font-family: 'Verdana','sans-serif'; color: #333333; font-size: 8.5pt\" lang=\"NL\">Il 5 marzo 2010 il Consiglio dei Ministri, presieduto dal Premier Silvio Berlusconi <strong><span style=\"font-family: 'Verdana','sans-serif'\">ha emanato un decreto con cui cambia la legge elettorale e viola la Costituzione<\/span><\/strong>, sostituendosi agli organi competenti giudiziari, proprio per ammettere il PDL alle elezioni. Il presidente della Repubblica ha firmato il decreto sotto forti pressioni di Berlusconi che, secondo alcune fonti, <strong><span style=\"font-family: 'Verdana','sans-serif'\">ha minacciato di ricorrere alla piazza<\/span><\/strong>.<o:p><\/o:p><\/span><strong><span style=\"line-height: 150%; font-family: 'Verdana','sans-serif'; color: #333333; font-size: 8.5pt\" lang=\"NL\">Nessun governo<\/span><\/strong><span style=\"line-height: 150%; font-family: 'Verdana','sans-serif'; color: #333333; font-size: 8.5pt\" lang=\"NL\"> in nessuna democrazia pu\u00f2 cambiare le regole elettorali senza una discussione parlamentare. <o:p><\/o:p><\/span><strong><span style=\"line-height: 150%; font-family: 'Verdana','sans-serif'; color: #333333; font-size: 8.5pt\" lang=\"NL\">Nessun governo<\/span><\/strong><span style=\"line-height: 150%; font-family: 'Verdana','sans-serif'; color: #333333; font-size: 8.5pt\" lang=\"NL\"> in nessuna democrazia pu\u00f2 cambiare le regole elettorali durante il periodo elettorale. <o:p><\/o:p><\/span><strong><span style=\"line-height: 150%; font-family: 'Verdana','sans-serif'; color: #333333; font-size: 8.5pt\" lang=\"NL\">Nessun governo<\/span><\/strong><span style=\"line-height: 150%; font-family: 'Verdana','sans-serif'; color: #333333; font-size: 8.5pt\" lang=\"NL\"> in nessuna democrazia pu\u00f2 \u201cinterpretare\u201d le leggi al posto della magistratura. Questo \u00e8 ci\u00f2 che \u00e8 avvenuto in Italia. <o:p><\/o:p><\/span><span style=\"line-height: 150%; font-family: 'Verdana','sans-serif'; color: #333333; font-size: 8.5pt\" lang=\"NL\">Un Paese nel quale i media televisivi pubblici e privati sono sotto il <strong><span style=\"font-family: 'Verdana','sans-serif'\">totale controllo<\/span><\/strong> del presidente del Consiglio Silvio Berlusconi. <o:p><\/o:p><\/span><span style=\"line-height: 150%; font-family: 'Verdana','sans-serif'; color: #333333; font-size: 8.5pt\" lang=\"NL\">Italia dei valori aderisce all\u2019iniziativa <strong><span style=\"font-family: 'Verdana','sans-serif'\">di sabato 13 marzo<\/span><\/strong>, <strong>e in contemporanea con l\u2019Italia organizza una manifestazione alle ore 13.00 in Piazza Dam a Amsterdam <o:p><\/o:p><\/strong><\/span><strong><span style=\"line-height: 150%; font-family: 'Verdana','sans-serif'; color: #333333; font-size: 8.5pt\" lang=\"NL\">Ci appelliamo alla Comunit\u00e0 internazionale<\/span><\/strong><span style=\"line-height: 150%; font-family: 'Verdana','sans-serif'; color: #333333; font-size: 8.5pt\" lang=\"NL\"> affinch\u00e9 vigili ed utilizzi ogni strumento a sua disposizione per aiutare i cittadini italiani a<strong><span style=\"font-family: 'Verdana','sans-serif'\"> difendere le libert\u00e0 democratiche<\/span><\/strong> del nostro Paese ed<strong><span style=\"font-family: 'Verdana','sans-serif'\"> impedire il ritorno di un nuovo fascismo<\/span><\/strong><o:p><\/o:p><\/span><\/p>\n","protected":false},"excerpt":{"rendered":"<p>\u00a0\u00a0Sabato 13 marzo manifestazione in difesa della libert\u00e0 di espressione, della democrazia, della Costituzione, della legge uguale per tutti \u00a0L&#8217;Italia, dal 5 marzo 2010, non e&#8217; piu&#8217; una democrazia parlamentare. Il Governo Berlusconi ha cambiato la legge elettorale con un &hellip; <a href=\"https:\/\/silviaterribili.org\/?p=76\">Continue reading <span class=\"meta-nav\">&rarr;<\/span><\/a><\/p>\n","protected":false},"author":2,"featured_media":0,"comment_status":"open","ping_status":"open","sticky":false,"template":"","format":"standard","meta":{"footnotes":""},"categories":[93],"tags":[313,234,315,314],"class_list":["post-76","post","type-post","status-publish","format-standard","hentry","category-giustizia","tag-decreto-salvaliste","tag-difesa-costituzione","tag-legge-elettorale","tag-pdl"],"_links":{"self":[{"href":"https:\/\/silviaterribili.org\/index.php?rest_route=\/wp\/v2\/posts\/76","targetHints":{"allow":["GET"]}}],"collection":[{"href":"https:\/\/silviaterribili.org\/index.php?rest_route=\/wp\/v2\/posts"}],"about":[{"href":"https:\/\/silviaterribili.org\/index.php?rest_route=\/wp\/v2\/types\/post"}],"author":[{"embeddable":true,"href":"https:\/\/silviaterribili.org\/index.php?rest_route=\/wp\/v2\/users\/2"}],"replies":[{"embeddable":true,"href":"https:\/\/silviaterribili.org\/index.php?rest_route=%2Fwp%2Fv2%2Fcomments&post=76"}],"version-history":[{"count":0,"href":"https:\/\/silviaterribili.org\/index.php?rest_route=\/wp\/v2\/posts\/76\/revisions"}],"wp:attachment":[{"href":"https:\/\/silviaterribili.org\/index.php?rest_route=%2Fwp%2Fv2%2Fmedia&parent=76"}],"wp:term":[{"taxonomy":"category","embeddable":true,"href":"https:\/\/silviaterribili.org\/index.php?rest_route=%2Fwp%2Fv2%2Fcategories&post=76"},{"taxonomy":"post_tag","embeddable":true,"href":"https:\/\/silviaterribili.org\/index.php?rest_route=%2Fwp%2Fv2%2Ftags&post=76"}],"curies":[{"name":"wp","href":"https:\/\/api.w.org\/{rel}","templated":true}]}}