{"id":67,"date":"2010-01-30T14:59:28","date_gmt":"2010-01-30T13:59:28","guid":{"rendered":"http:\/\/silviaterribili.org\/blog\/wordpress\/?p=67"},"modified":"2010-01-30T14:59:28","modified_gmt":"2010-01-30T13:59:28","slug":"l%e2%80%99aquila-la-ricostruzione-dopo-il-terremoto-a-che-punto-siamo","status":"publish","type":"post","link":"https:\/\/silviaterribili.org\/?p=67","title":{"rendered":"L\u2019Aquila, la ricostruzione dopo il terremoto, a che punto siamo ?"},"content":{"rendered":"<p style=\"margin: 0cm 0cm 16.2pt; background: white\" class=\"ecxmsonormal\"><strong><em><span style=\"font-family: 'Times New Roman','serif'; color: #444444; font-size: 20pt\" lang=\"FR\"><\/span><\/em><\/strong><\/p>\n<p style=\"margin: 0cm 0cm 16.2pt; background: white\" class=\"ecxmsonormal\"><strong><em><span style=\"font-family: 'Times New Roman','serif'; color: #444444; font-size: 20pt\" lang=\"FR\">\u00a0<img loading=\"lazy\" decoding=\"async\" src=\"http:\/\/wildgreta.files.wordpress.com\/2009\/07\/obama-berlusconi-g8.jpg\" height=\"500\" width=\"750\" \/><\/span><\/em><\/strong><\/p>\n<p><strong><em><span style=\"font-family: 'Times New Roman','serif'; color: #444444; font-size: 20pt\" lang=\"FR\">L\u2019Aquila, la ricostruzione dopo il terremoto, a che punto siamo\u00a0?<o:p><\/o:p><\/span><\/em><\/strong><span style=\"font-family: 'Times New Roman','serif'; color: #444444; font-size: 20pt\" lang=\"FR\">a cura di Silvia Terribili, conduttrice di <em>Liberalaradio,<\/em> Radio Onda Italiana Amsterdam<\/span><span style=\"font-family: 'Tahoma','sans-serif'; color: #444444; font-size: 20pt\" lang=\"FR\"><o:p><\/o:p><\/span><span style=\"font-family: 'Times New Roman','serif'; color: #444444; font-size: 20pt\" lang=\"FR\">Dall\u2019Abruzzo, al di l\u00e0 degli echi glamour delle visite lampo del premier, arrivano in realt\u00e0 poche notizie riguardo all\u2019effettiva ricostruzione dei centri storici, in particolare dell\u2019Aquila. Poco si sa della vita quotidiana dei cittadini sfollati costretti a recarsi anche molto lontano dalla loro citt\u00e0 dopo l\u2019eliminazione delle tendopoli.\u00a0<\/span><span style=\"font-family: 'Tahoma','sans-serif'; color: #444444; font-size: 20pt\" lang=\"FR\"><o:p><\/o:p><\/span><span style=\"font-family: 'Times New Roman','serif'; color: #444444; font-size: 20pt\" lang=\"FR\">Poco si sa delle nuove frazioni che si stanno creando, mentre il cuore dell\u2019Aquila ancora \u00e8 fermo, e non \u00e8 chiaro quando partir\u00e0 la ricostruzione delle case di tipo E ed F, le case praticamente non agibili. Un dramma che coinvolge\u00a0 decine di migliaia di persone che ancora non sanno se e quando potranno ricostruire le loro case. <\/span><span style=\"font-family: 'Times New Roman','serif'; color: #444444; font-size: 20pt\" lang=\"EN-GB\">15.000 aquilani vivono tuttora in albergo.<o:p><\/o:p><\/span><span style=\"font-family: 'Times New Roman','serif'; color: #444444; font-size: 20pt\" lang=\"EN-GB\">Il 25 gennaio 2010, Radio Onda Italiana ha incontrato telefonicamente Francesca Gizzi, medico a L\u2019Aquila. <o:p><\/o:p><\/span><span style=\"font-family: 'Times New Roman','serif'; color: #444444; font-size: 20pt\" lang=\"EN-GB\">In questi due filmati potete ascoltare la testimonianza di Francesca.<o:p><\/o:p><\/span><span style=\"font-family: 'Times New Roman','serif'; color: #444444; font-size: 20pt\" lang=\"EN-GB\"><a href=\"http:\/\/www.youtube.com\/watch?v=Hec3asIbJ-A\"><span>http:\/\/www.youtube.com\/watch?v=Hec3asIbJ-A<\/span><\/a><o:p><\/o:p><\/span><span style=\"color: #444444; font-size: 20pt\" lang=\"EN-GB\"><a href=\"http:\/\/www.youtube.com\/watch?v=WRsVxkX36R0\"><span style=\"font-family: 'Times New Roman','serif'\">http:\/\/www.youtube.com\/watch?v=WRsVxkX36R0<\/span><\/a><\/span><span style=\"font-family: 'Times New Roman','serif'; color: #444444; font-size: 20pt\" lang=\"EN-GB\"><o:p><\/o:p><\/span><span style=\"font-family: 'Times New Roman','serif'; color: #444444; font-size: 20pt\" lang=\"EN-GB\">Le ultime due puntate dell\u2019intervista saranno pubblicate a breve.<o:p><\/o:p><\/span><\/p>\n","protected":false},"excerpt":{"rendered":"<p>\u00a0 L\u2019Aquila, la ricostruzione dopo il terremoto, a che punto siamo\u00a0?a cura di Silvia Terribili, conduttrice di Liberalaradio, Radio Onda Italiana AmsterdamDall\u2019Abruzzo, al di l\u00e0 degli echi glamour delle visite lampo del premier, arrivano in realt\u00e0 poche notizie riguardo all\u2019effettiva &hellip; <a href=\"https:\/\/silviaterribili.org\/?p=67\">Continue reading <span class=\"meta-nav\">&rarr;<\/span><\/a><\/p>\n","protected":false},"author":2,"featured_media":0,"comment_status":"open","ping_status":"open","sticky":false,"template":"","format":"standard","meta":{"footnotes":""},"categories":[127],"tags":[281,278,276,280,277,279],"class_list":["post-67","post","type-post","status-publish","format-standard","hentry","category-radio-onda-italiana","tag-281","tag-bonifica-amianto","tag-laquila-la-ricostruzione","tag-progetto-case","tag-rischi-amianto-nelle-macerie","tag-sfollati"],"_links":{"self":[{"href":"https:\/\/silviaterribili.org\/index.php?rest_route=\/wp\/v2\/posts\/67","targetHints":{"allow":["GET"]}}],"collection":[{"href":"https:\/\/silviaterribili.org\/index.php?rest_route=\/wp\/v2\/posts"}],"about":[{"href":"https:\/\/silviaterribili.org\/index.php?rest_route=\/wp\/v2\/types\/post"}],"author":[{"embeddable":true,"href":"https:\/\/silviaterribili.org\/index.php?rest_route=\/wp\/v2\/users\/2"}],"replies":[{"embeddable":true,"href":"https:\/\/silviaterribili.org\/index.php?rest_route=%2Fwp%2Fv2%2Fcomments&post=67"}],"version-history":[{"count":0,"href":"https:\/\/silviaterribili.org\/index.php?rest_route=\/wp\/v2\/posts\/67\/revisions"}],"wp:attachment":[{"href":"https:\/\/silviaterribili.org\/index.php?rest_route=%2Fwp%2Fv2%2Fmedia&parent=67"}],"wp:term":[{"taxonomy":"category","embeddable":true,"href":"https:\/\/silviaterribili.org\/index.php?rest_route=%2Fwp%2Fv2%2Fcategories&post=67"},{"taxonomy":"post_tag","embeddable":true,"href":"https:\/\/silviaterribili.org\/index.php?rest_route=%2Fwp%2Fv2%2Ftags&post=67"}],"curies":[{"name":"wp","href":"https:\/\/api.w.org\/{rel}","templated":true}]}}