{"id":66,"date":"2010-01-28T00:01:12","date_gmt":"2010-01-27T23:01:12","guid":{"rendered":"http:\/\/silviaterribili.org\/blog\/wordpress\/?p=66"},"modified":"2010-01-28T00:06:02","modified_gmt":"2010-01-27T23:06:02","slug":"limmunita-parlamentare-non-e-potabile-per-il-pd","status":"publish","type":"post","link":"https:\/\/silviaterribili.org\/?p=66","title":{"rendered":"L&#8217;immunit\u00e0 parlamentare non \u00e8 potabile per il PD"},"content":{"rendered":"<p><span><\/span><\/p>\n<p><span><font face=\"Arial Unicode MS\">\u00a0<img decoding=\"async\" src=\"http:\/\/blog.panorama.it\/italia\/files\/2009\/11\/bersaniedipietro-large.jpg\" \/><\/font><\/span><\/p>\n<p><span><font face=\"Arial Unicode MS\">Oggi due notizie, una buona e una cattiva: <o:p><\/o:p><\/font><\/span><span><font face=\"Arial Unicode MS\">quella buona: il niet definitivo di Bersani sulla reintroduzione dell\u2019immunit\u00e0 parlamentare. &#8220;L&#8217;immunit\u00e0 \u00e8 una legge che non ci riguarda. Finch\u00e9 io rester\u00f2 segretario non \u00e8 e non sar\u00e0 mai potabile per il Pd&#8221;<\/font><\/span><span><\/span><\/p>\n<p><span><font face=\"Arial Unicode MS\"><o:p><\/o:p><\/font><\/span><span><font face=\"Arial Unicode MS\">La cattiva, che gli avvocati del premier stanno tentando di estendere la legge sul legittimo impedimento anche a Pier Silvio Berlusconi e Fedele Confalonieri. E questo perch\u00e9 il processo Mediatrade <span>\u00a0<\/span>in cui sono imputati (appropriazione indebita, evasione fiscale, accantonamento di fondi neri) sta marciando verso il dibattimento.<o:p><\/o:p><\/font><\/span><span><font face=\"Arial Unicode MS\">Legittimo impedimento per i familiari e famigli del premier? E in virt\u00f9 di che?<o:p><\/o:p><\/font><\/span><span><font face=\"Arial Unicode MS\">Non \u00e8 possibile, mi dico, deve essere una battuta.<o:p><\/o:p><\/font><\/span><span><font face=\"Arial Unicode MS\">Protestiamo ora prima che sia troppo tardi.<o:p><\/o:p><\/font><\/span><span><o:p><font face=\"Arial Unicode MS\">\u00a0<\/font><\/o:p><\/span><span><o:p><\/o:p><\/span>\u00a0<span><o:p><\/o:p><\/span><span><font face=\"Arial Unicode MS\">Fonte: <\/font><\/span><span><font face=\"Arial Unicode MS\">http:\/\/www.repubblica.it\/politica\/2010\/01\/27\/news\/giustizia_la_legge_diventa_ad_familiam_impedimento_esteso_anche_ai_coimputati_del_premier-2087867\/<o:p><\/o:p><\/font><\/span><\/p>\n","protected":false},"excerpt":{"rendered":"<p>\u00a0 Oggi due notizie, una buona e una cattiva: quella buona: il niet definitivo di Bersani sulla reintroduzione dell\u2019immunit\u00e0 parlamentare. &#8220;L&#8217;immunit\u00e0 \u00e8 una legge che non ci riguarda. Finch\u00e9 io rester\u00f2 segretario non \u00e8 e non sar\u00e0 mai potabile per &hellip; <a href=\"https:\/\/silviaterribili.org\/?p=66\">Continue reading <span class=\"meta-nav\">&rarr;<\/span><\/a><\/p>\n","protected":false},"author":2,"featured_media":0,"comment_status":"open","ping_status":"open","sticky":false,"template":"","format":"standard","meta":{"footnotes":""},"categories":[93],"tags":[247,274,273,272,275],"class_list":["post-66","post","type-post","status-publish","format-standard","hentry","category-giustizia","tag-immmunita-parlamentare","tag-legittimo-impedimento","tag-no-di-bersani-allimmmunita","tag-pd","tag-procesos-mediatrade"],"_links":{"self":[{"href":"https:\/\/silviaterribili.org\/index.php?rest_route=\/wp\/v2\/posts\/66","targetHints":{"allow":["GET"]}}],"collection":[{"href":"https:\/\/silviaterribili.org\/index.php?rest_route=\/wp\/v2\/posts"}],"about":[{"href":"https:\/\/silviaterribili.org\/index.php?rest_route=\/wp\/v2\/types\/post"}],"author":[{"embeddable":true,"href":"https:\/\/silviaterribili.org\/index.php?rest_route=\/wp\/v2\/users\/2"}],"replies":[{"embeddable":true,"href":"https:\/\/silviaterribili.org\/index.php?rest_route=%2Fwp%2Fv2%2Fcomments&post=66"}],"version-history":[{"count":0,"href":"https:\/\/silviaterribili.org\/index.php?rest_route=\/wp\/v2\/posts\/66\/revisions"}],"wp:attachment":[{"href":"https:\/\/silviaterribili.org\/index.php?rest_route=%2Fwp%2Fv2%2Fmedia&parent=66"}],"wp:term":[{"taxonomy":"category","embeddable":true,"href":"https:\/\/silviaterribili.org\/index.php?rest_route=%2Fwp%2Fv2%2Fcategories&post=66"},{"taxonomy":"post_tag","embeddable":true,"href":"https:\/\/silviaterribili.org\/index.php?rest_route=%2Fwp%2Fv2%2Ftags&post=66"}],"curies":[{"name":"wp","href":"https:\/\/api.w.org\/{rel}","templated":true}]}}