{"id":65,"date":"2010-01-26T21:13:46","date_gmt":"2010-01-26T20:13:46","guid":{"rendered":"http:\/\/silviaterribili.org\/blog\/wordpress\/?p=65"},"modified":"2010-01-26T21:16:15","modified_gmt":"2010-01-26T20:16:15","slug":"12-marzo-sciopero-contro-linadeguatezza-della-politica-fiscale-da-parte-del-governo","status":"publish","type":"post","link":"https:\/\/silviaterribili.org\/?p=65","title":{"rendered":"12 marzo: sciopero contro l&#8217;inadeguatezza della politica fiscale del governo"},"content":{"rendered":"<p style=\"margin: 0cm 0cm 16.2pt; background: white\" class=\"ecxecmsonormal\"><font face=\"Arial Unicode MS\"><strong><span style=\"color: #333333; font-size: 20pt\" lang=\"FR\">\u00a0<img decoding=\"async\" src=\"http:\/\/farm4.static.flickr.com\/3307\/3257059333_2b14eec8ff.jpg\" \/><\/span><\/strong><\/font><\/p>\n<p><font face=\"Arial Unicode MS\"><strong><span style=\"color: #333333; font-size: 20pt\" lang=\"FR\"><strong><span style=\"color: #333333; font-size: 20pt\" lang=\"FR\">Italia dei Valori Olanda aderisce con convinzione allo sciopero generale indetto dalla CGIL per il 12 marzo 2010 contro l\u2019inadeguatezza della politica fiscale da parte del governo.<\/span><\/strong><span style=\"font-family: 'Times New Roman','serif'; color: #444444; font-size: 20pt\" lang=\"FR\"><o:p><\/o:p><\/span><strong><span style=\"color: #333333; font-size: 20pt\" lang=\"FR\">Riteniamo fondamentale schierarci in ogni occasione dalla parte dei cittadini e dei lavoratori colpiti da una politica economica che toglie ai poveri per dare ai ricchi.<\/span><\/strong><span style=\"font-family: 'Times New Roman','serif'; color: #444444; font-size: 20pt\" lang=\"FR\"><o:p><\/o:p><\/span><strong><span style=\"font-family: 'Times New Roman','serif'; color: #444444; font-size: 20pt\" lang=\"FR\">In particolare chiediamo di ridurre il prelievo fiscale sui lavoratori e i pensionati, di aumentare il periodo in cui si riceve l&#8217;indennit\u00e0 di disoccupazione, di far crescere l&#8217;importo (attualmente 7-800 euro) della cassa integrazione e una diversa politica per l&#8217;accoglienza dei lavoratori immigrati dopo i gravissimi incidenti di Rosarno.<\/span><\/strong><span style=\"font-family: 'Times New Roman','serif'; color: #444444; font-size: 20pt\" lang=\"FR\"><o:p><\/o:p><\/span><strong><span style=\"color: #333333; font-size: 20pt; font-weight: normal\" lang=\"FR\">Inoltre lamentiamo i fortissimi tagli nel settore della scuola, della sanit\u00e0, della sicurezza, della tutela dei pi\u00f9 deboli e dell\u2019assenza di una qualsiasi politica volta a ridurre il fenomeno del precariato che colpisce le fasce pi\u00f9 deboli ed esposte come le donne.<\/span><\/strong><span style=\"font-family: 'Times New Roman','serif'; color: #444444; font-size: 20pt\" lang=\"FR\"><o:p><\/o:p><\/span><strong><span style=\"color: #333333; font-size: 20pt; font-weight: normal\" lang=\"FR\">Lamentiamo l\u2019assenza di una politica di riconversione dell\u2019industria nei settori veramente importanti per la societ\u00e0, e soprattutto nel campo delle energie rinnovabili e dell\u2019agricoltura biologica, che potrebbero dare lavoro a centinaia di migliaia di persone e allo stesso tempo contribuire al risparmio energetico e alla riduzione dei gas serra.<\/span><\/strong><span style=\"font-family: 'Times New Roman','serif'; color: #444444; font-size: 20pt\" lang=\"FR\"><o:p><\/o:p><\/span><strong><span style=\"color: #333333; font-size: 20pt; font-weight: normal\" lang=\"NL\">Lamentiamo la dissennata scelta per il nucleare a tutti i costi, azzerando il programma delle rinnovabili, imbarcandosi in spese dell\u2019ordine di 4-5 miliardi a centrale, senza calcolare gli inimmaginabili costi di smatellamento e stoccaggio temporaneo dei rifiuti nucleari.<\/span><\/strong><span style=\"font-family: 'Times New Roman','serif'; color: #444444; font-size: 20pt\" lang=\"NL\"><o:p><\/o:p><\/span><strong><span style=\"color: #333333; font-size: 20pt; font-weight: normal\" lang=\"NL\">Lamentiamo l\u2019attentato alla sicurezza dei cittadini che deriva dalle leggi ad personam, in particolare dalla legge sul processo breve che, per salvare il premier, canceller\u00e0 migliaia di processi negando giustizia alle migliaia di vittime di Eternit e alle vittime del disastro ferroviario di Viareggio e dei crolli di edifici pubblici in Abruzzo.<\/span><\/strong><span style=\"font-family: 'Times New Roman','serif'; color: #444444; font-size: 20pt\" lang=\"NL\"><o:p><\/o:p><\/span><strong><span style=\"color: #333333; font-size: 20pt; font-weight: normal\" lang=\"NL\">Per tutte queste motivazioni, ci schieriamo al fianco della CGIL e dei lavoratori in una protesta che ci auguriamo coinvolga tutta la societ\u00e0 la civile italiana, che in un momento di grave crisi finanziaria, ritrovi l\u2019unit\u00e0 e l\u2019entusiasmo per battersi pacificamente per un\u2019Italia pi\u00f9 democratica, pi\u00f9 civile, pi\u00f9 onesta.<\/span><\/strong><span style=\"font-family: 'Times New Roman','serif'; color: #444444; font-size: 20pt\" lang=\"NL\"><o:p><\/o:p><\/span><span style=\"font-family: 'Times New Roman','serif'; color: #444444; font-size: 20pt\" lang=\"NL\">\u00a0<o:p><\/o:p><\/span><span style=\"font-size: 20pt\" lang=\"NL\"><o:p><font face=\"Times New Roman\" color=\"#000000\">\u00a0<\/font><\/o:p><\/span><\/span><\/strong><\/font><\/p>\n","protected":false},"excerpt":{"rendered":"<p>\u00a0 Italia dei Valori Olanda aderisce con convinzione allo sciopero generale indetto dalla CGIL per il 12 marzo 2010 contro l\u2019inadeguatezza della politica fiscale da parte del governo.Riteniamo fondamentale schierarci in ogni occasione dalla parte dei cittadini e dei lavoratori &hellip; <a href=\"https:\/\/silviaterribili.org\/?p=65\">Continue reading <span class=\"meta-nav\">&rarr;<\/span><\/a><\/p>\n","protected":false},"author":2,"featured_media":0,"comment_status":"open","ping_status":"open","sticky":false,"template":"","format":"standard","meta":{"footnotes":""},"categories":[224],"tags":[266,261,263,267,271,264,265,262,268,270,269,260],"class_list":["post-65","post","type-post","status-publish","format-standard","hentry","category-economia","tag-cassa-integrazione","tag-cgil","tag-crisi","tag-disoccupazione","tag-green-economy","tag-lavoratori","tag-pensionati","tag-politica-fiscale","tag-razzismo","tag-riconversione-industriale","tag-rosarno","tag-sciopero"],"_links":{"self":[{"href":"https:\/\/silviaterribili.org\/index.php?rest_route=\/wp\/v2\/posts\/65","targetHints":{"allow":["GET"]}}],"collection":[{"href":"https:\/\/silviaterribili.org\/index.php?rest_route=\/wp\/v2\/posts"}],"about":[{"href":"https:\/\/silviaterribili.org\/index.php?rest_route=\/wp\/v2\/types\/post"}],"author":[{"embeddable":true,"href":"https:\/\/silviaterribili.org\/index.php?rest_route=\/wp\/v2\/users\/2"}],"replies":[{"embeddable":true,"href":"https:\/\/silviaterribili.org\/index.php?rest_route=%2Fwp%2Fv2%2Fcomments&post=65"}],"version-history":[{"count":0,"href":"https:\/\/silviaterribili.org\/index.php?rest_route=\/wp\/v2\/posts\/65\/revisions"}],"wp:attachment":[{"href":"https:\/\/silviaterribili.org\/index.php?rest_route=%2Fwp%2Fv2%2Fmedia&parent=65"}],"wp:term":[{"taxonomy":"category","embeddable":true,"href":"https:\/\/silviaterribili.org\/index.php?rest_route=%2Fwp%2Fv2%2Fcategories&post=65"},{"taxonomy":"post_tag","embeddable":true,"href":"https:\/\/silviaterribili.org\/index.php?rest_route=%2Fwp%2Fv2%2Ftags&post=65"}],"curies":[{"name":"wp","href":"https:\/\/api.w.org\/{rel}","templated":true}]}}