{"id":55,"date":"2009-10-21T18:57:28","date_gmt":"2009-10-21T17:57:28","guid":{"rendered":"http:\/\/silviaterribili.org\/blog\/wordpress\/?p=55"},"modified":"2009-10-21T19:00:28","modified_gmt":"2009-10-21T18:00:28","slug":"l%e2%80%99europarlamento-e-la-difesa-della-liberta-di-informazione-in-italia","status":"publish","type":"post","link":"https:\/\/silviaterribili.org\/?p=55","title":{"rendered":"L\u2019Europarlamento e la difesa della libert\u00e0 di informazione in Italia"},"content":{"rendered":"<p><strong><em><span lang=\"FR\"><font face=\"Times New Roman\">L\u2019Europarlamento e la difesa della libert\u00e0 di informazione in Italia <\/font><\/span><\/em><\/strong><\/p>\n<p><strong><em><span lang=\"FR\"><\/span><\/em><\/strong><\/p>\n<p><strong><em><span lang=\"FR\"><font face=\"Times New Roman\"><o:p><\/o:p><\/font><\/span><\/em><\/strong><strong><em><span lang=\"FR\"><font face=\"Times New Roman\">Risoluzione non passa per soli tre voti<o:p><\/o:p><\/font><\/span><\/em><\/strong><span lang=\"FR\"><o:p><font face=\"Times New Roman\">\u00a0<\/font><\/o:p><\/span><span lang=\"FR\"><o:p><font face=\"Times New Roman\">\u00a0<\/font><\/o:p><\/span><span lang=\"FR\"><o:p><\/o:p><\/span>\u00a0<span lang=\"FR\"><o:p><\/o:p><\/span><span lang=\"FR\"><o:p><\/o:p><\/span><font face=\"Times New Roman\"><span lang=\"FR\">\u00a0<\/span><\/font><font face=\"Times New Roman\"><span lang=\"FR\"><\/span><\/font><\/p>\n<p><font face=\"Times New Roman\"><span lang=\"FR\">Non \u00e8 passata, purtroppo, la proposta di risoluzione promossa dai<span>\u00a0 <\/span>gruppi socialdemocratico, verde e liberale nel Parlamento europeo in difesa della libert\u00e0 di informazione in Italia.<\/span><span style=\"font-family: 'Arial','sans-serif'; color: black; font-size: 7.5pt\" lang=\"NL\"><o:p><\/o:p><\/span><\/font><span lang=\"FR\"><o:p><font face=\"Times New Roman\">\u00a0<\/font><\/o:p><\/span><span lang=\"FR\"><font face=\"Times New Roman\">La bella notizia \u00e8 che lo scarto \u00e8 veramente minimo, su 686 eurodeputati 335 hanno votato a<span>\u00a0 <\/span>favore, 338 contro e 13 si sono astenuti.<o:p><\/o:p><\/font><\/span><span lang=\"FR\"><o:p><font face=\"Times New Roman\">\u00a0<\/font><\/o:p><\/span><span lang=\"FR\"><font face=\"Times New Roman\">C\u2019\u00e8 quindi una met\u00e0 del Parlamento europeo che fortunatamente si preoccupa della minaccia al pluralismo e alla libert\u00e0 di informazione in un paese europeo e siamo sicuri che nelle prossime settimane e mesi si adoperer\u00e0 al massimo perch\u00e9 il tema continui a essere oggetto di analisi e discussione in seno al Parlamento e nella societ\u00e0 in tutta Europa.<o:p><\/o:p><\/font><\/span><span lang=\"FR\"><o:p><font face=\"Times New Roman\">\u00a0<\/font><\/o:p><\/span><span lang=\"FR\"><font face=\"Times New Roman\">E si delinea anche un compito importante ora per noi che facciamo bloginformazione e attivit\u00e0 politica, ed \u00e8 quello di scoprire perch\u00e9 met\u00e0 dell\u2019Europarlamento ritiene che la videocrazia non \u00e8 una minaccia alla democrazia e che forse ha dimenticato a cosa ha portato solo 70 anni fa la concentrazione di potere in poche mani, il pensiero unico, l\u2019assenza di informazione pluralista, il controllo pressoch\u00e9 totale sui grandi mezzi di comunicazione.<o:p><\/o:p><\/font><\/span><span lang=\"FR\"><o:p><font face=\"Times New Roman\">\u00a0<\/font><\/o:p><\/span><span lang=\"FR\"><font face=\"Times New Roman\">Ora sappiamo chi in Europa sta dalla parte della libert\u00e0 di informazione e chi no. <o:p><\/o:p><\/font><\/span><span lang=\"FR\"><o:p><font face=\"Times New Roman\">\u00a0<\/font><\/o:p><\/span><span lang=\"FR\"><font face=\"Times New Roman\">Ora sappiamo chi sta dalla parte dei cittadini e chi dalla parte del potere mediatico.<o:p><\/o:p><\/font><\/span><span lang=\"FR\"><o:p><font face=\"Times New Roman\">\u00a0<\/font><\/o:p><\/span><span lang=\"FR\"><o:p><font face=\"Times New Roman\">\u00a0<\/font><\/o:p><\/span><span lang=\"FR\"><font face=\"Times New Roman\">Allego il comunicato stampa del Gruppo Verde del Parlamento Europeo<o:p><\/o:p><\/font><\/span><span style=\"font-family: 'Arial','sans-serif'; color: #666666; font-size: 9pt\" lang=\"EN\">21.10.2009<o:p><\/o:p><\/span><\/p>\n<h1 style=\"margin: 0cm 0cm 0pt\"><em><font color=\"#444444\"><font face=\"Arial\"><span style=\"font-size: 12.5pt\" lang=\"EN\">Freedom of the press: EU Parliament snuffs out resolutions on press freedom in Italy and Europe<\/span><span style=\"color: #418f1a; font-size: 12.5pt\" lang=\"EN\"><o:p><\/o:p><\/span><\/font><\/font><\/em><\/h1>\n<p><span style=\"color: #666666; font-size: 9pt\" lang=\"EN\"><br \/>\n<font face=\"Arial Unicode MS\">A right-wing majority in the European Parliament today succeeded \u2013 by a very narrow margin \u2013 in rejecting tabled resolutions addressing press freedom in Italy and Europe.<\/font><\/span><span style=\"font-family: 'Arial','sans-serif'; color: #666666; font-size: 9pt\" lang=\"EN\"><o:p><\/o:p><\/span><span style=\"color: #666666; font-size: 9pt\" lang=\"EN\"><font face=\"Arial Unicode MS\">Greens\/EFA President <strong><span style=\"font-family: 'Arial Unicode MS','sans-serif'\">Rebecca Harms<\/span><\/strong> and Dutch Green MEP <strong><span style=\"font-family: 'Arial Unicode MS','sans-serif'\">Judith Sargentini<\/span><\/strong>, EP civil liberties committee member and co-author of the Greens\/EFA Resolution (1), said:<o:p><\/o:p><\/font><\/span><em><strong><span style=\"font-family: 'Arial Unicode MS','sans-serif'; color: #666666; font-size: 9pt\" lang=\"EN\">&#8220;This is a black day for press freedom in Europe. We are bitterly disappointed that a right-wing majority of Conservatives, Christian Democrats and Eurosceptics has succeeded in rejecting EU Parliament resolutions in support of press freedom in Italy and Europe. A call for a EU Directive against concentration of media ownership has therefore been silenced. The votes were very tight but send a far-reaching message that contradicts the fundamental values of the European Union.<\/span><\/strong><\/em><span style=\"color: #666666; font-size: 9pt\" lang=\"EN\"><o:p><\/o:p><\/span><em><strong><span style=\"font-family: 'Arial Unicode MS','sans-serif'; color: #666666; font-size: 9pt\" lang=\"EN\">Silvio Berlusconi&#8217;s control of both government and media in Italy is profoundly undemocratic. A recent court judgment against Berlusconi&#8217;s media company and a ridiculous attempt by a Berlusconi channel to discredit the judge are further proof, if any was needed. (2)<\/span><\/strong><\/em><span style=\"color: #666666; font-size: 9pt\" lang=\"EN\"><o:p><\/o:p><\/span><em><strong><span style=\"font-family: 'Arial Unicode MS','sans-serif'; color: #666666; font-size: 9pt\" lang=\"EN\">While Italy&#8217;s problems certainly stand out, the proposed EU Parliament resolutions addressed the EU as a whole. We demand a free and open press in countries that wish to join the EU &#8211;\u00a0to accept anything less from existing members is hypocrisy. \u00a0The Greens hope that a new and vigorous debate on media freedom can arise out of the ashes of these stifled\u00a0resolutions in the EU Parliament.&#8221;<\/span><\/strong><\/em><span style=\"color: #666666; font-size: 9pt\" lang=\"EN\"><o:p><\/o:p><\/span><em><strong><span style=\"font-family: 'Arial Unicode MS','sans-serif'; color: #666666; font-size: 9pt\" lang=\"EN\">*** ENDS ***<\/span><\/strong><\/em><span style=\"color: #666666; font-size: 9pt\" lang=\"EN\"><o:p><\/o:p><\/span><font face=\"Arial Unicode MS\"><u><span style=\"color: #666666; font-size: 9pt\" lang=\"EN\">Notes to editors:<\/span><\/u><span style=\"color: #666666; font-size: 9pt\" lang=\"EN\"><o:p><\/o:p><\/span><\/font><span style=\"color: #666666; font-size: 9pt\" lang=\"EN\"><font face=\"Arial Unicode MS\">(1) Read the <\/font><a target=\"_blank\" href=\"http:\/\/www.europarl.europa.eu\/sides\/getDoc.do?pubRef=-\/\/EP\/\/NONSGML+MOTION+B7-2009-0090+0+DOC+PDF+V0\/\/EN&amp;language=EN\"><font face=\"Arial Unicode MS\">Greens\/EFA resolution on press freedom in Italy<\/font><\/a><\/span><span style=\"color: #666666; font-size: 9pt\" lang=\"EN\"><font face=\"Arial Unicode MS\">(2) Greens\/EFA MEPs wore turquoise scarves in support of Italian judge Raimondo Mesiano, who ruled against Berlusconi&#8217;s media company in a bribery case recently. A TV documentary aired on a Berlusconi-owned channel subsequently secretly filmed the judge with a narration of insinuating comments attempting to discredit him, commenting even on his turquoise colour of socks.<o:p><\/o:p><\/font><\/span><span style=\"color: #666666; font-size: 9pt\" lang=\"EN\"><font face=\"Arial Unicode MS\">\u00a0<o:p><\/o:p><\/font><\/span><span lang=\"FR\"><o:p><font face=\"Times New Roman\">\u00a0<\/font><\/o:p><\/span><span lang=\"FR\"><o:p><font face=\"Times New Roman\">\u00a0<\/font><\/o:p><\/span><span lang=\"FR\"><o:p><font face=\"Times New Roman\">\u00a0<\/font><\/o:p><\/span><span lang=\"FR\"><o:p><font face=\"Times New Roman\">\u00a0<\/font><\/o:p><\/span><span style=\"font-family: 'Tahoma','sans-serif'; color: #444444; font-size: 10pt\" lang=\"FR\"><o:p>\u00a0<\/o:p><\/span><span lang=\"FR\"><o:p><font face=\"Times New Roman\">\u00a0<\/font><\/o:p><\/span><\/p>\n","protected":false},"excerpt":{"rendered":"<p>L\u2019Europarlamento e la difesa della libert\u00e0 di informazione in Italia Risoluzione non passa per soli tre voti\u00a0\u00a0\u00a0\u00a0 Non \u00e8 passata, purtroppo, la proposta di risoluzione promossa dai\u00a0 gruppi socialdemocratico, verde e liberale nel Parlamento europeo in difesa della libert\u00e0 di &hellip; <a href=\"https:\/\/silviaterribili.org\/?p=55\">Continue reading <span class=\"meta-nav\">&rarr;<\/span><\/a><\/p>\n","protected":false},"author":2,"featured_media":0,"comment_status":"open","ping_status":"open","sticky":false,"template":"","format":"standard","meta":{"footnotes":""},"categories":[174],"tags":[14,213,197,207,204],"class_list":["post-55","post","type-post","status-publish","format-standard","hentry","category-liberta-di-stampa","tag-berlusconi","tag-concentrazione-del-potere-mediatico","tag-conflitto-di-interessi","tag-liberta-di-informazione","tag-parlamento-europeo"],"_links":{"self":[{"href":"https:\/\/silviaterribili.org\/index.php?rest_route=\/wp\/v2\/posts\/55","targetHints":{"allow":["GET"]}}],"collection":[{"href":"https:\/\/silviaterribili.org\/index.php?rest_route=\/wp\/v2\/posts"}],"about":[{"href":"https:\/\/silviaterribili.org\/index.php?rest_route=\/wp\/v2\/types\/post"}],"author":[{"embeddable":true,"href":"https:\/\/silviaterribili.org\/index.php?rest_route=\/wp\/v2\/users\/2"}],"replies":[{"embeddable":true,"href":"https:\/\/silviaterribili.org\/index.php?rest_route=%2Fwp%2Fv2%2Fcomments&post=55"}],"version-history":[{"count":0,"href":"https:\/\/silviaterribili.org\/index.php?rest_route=\/wp\/v2\/posts\/55\/revisions"}],"wp:attachment":[{"href":"https:\/\/silviaterribili.org\/index.php?rest_route=%2Fwp%2Fv2%2Fmedia&parent=55"}],"wp:term":[{"taxonomy":"category","embeddable":true,"href":"https:\/\/silviaterribili.org\/index.php?rest_route=%2Fwp%2Fv2%2Fcategories&post=55"},{"taxonomy":"post_tag","embeddable":true,"href":"https:\/\/silviaterribili.org\/index.php?rest_route=%2Fwp%2Fv2%2Ftags&post=55"}],"curies":[{"name":"wp","href":"https:\/\/api.w.org\/{rel}","templated":true}]}}