{"id":54,"date":"2009-10-19T19:48:05","date_gmt":"2009-10-19T18:48:05","guid":{"rendered":"http:\/\/silviaterribili.org\/blog\/wordpress\/?p=54"},"modified":"2009-10-19T19:48:05","modified_gmt":"2009-10-19T18:48:05","slug":"21-ottobre-il-parlamento-europeo-vota-sulla-liberta-di-informazione-in-italia-e-in-europa","status":"publish","type":"post","link":"https:\/\/silviaterribili.org\/?p=54","title":{"rendered":"21 ottobre, il Parlamento europeo vota sulla libert\u00e0 di informazione in Italia e in Europa"},"content":{"rendered":"<h1 style=\"margin: auto 0cm\"><span><font face=\"Arial Unicode MS\">Libert\u00e0 di informazione in Italia<o:p><\/o:p><\/font><\/span><\/h1>\n<h1 style=\"margin: auto 0cm\"><span><font face=\"Arial Unicode MS\">Mercoled\u00ec 21 ottobre il Parlamento europeo vota una proposta di risoluzione<o:p><\/o:p><\/font><\/span><\/h1>\n<h1 style=\"margin: auto 0cm\"><span style=\"font-family: 'Times New Roman','serif'; font-size: 12pt; font-weight: normal\">Mercoled\u00ec prossimo 21 ottobre alle ore 12.00, il Parlamento europeo riunito a Strasburgo in sessione plenaria, voter\u00e0 la proposta di risoluzione presentata dal gruppo liberale ALDE (<\/span><span style=\"font-family: 'Times New Roman','serif'; font-size: 12pt; font-weight: normal\">Guy Verhofstadt, Niccol\u00f2 Rinaldi, Sonia Alfano, Luigi de Magistris e.a.) sulla libert\u00e0 di informazione in Italia.<o:p><\/o:p><\/span><\/h1>\n<h1 style=\"margin: auto 0cm\"><span style=\"font-family: 'Times New Roman','serif'; font-size: 12pt; font-weight: normal\">Vi invito ad assistere alle riprese in diretta della votazione sul link:<\/span><span style=\"font-family: 'Times New Roman','serif'; font-size: 12pt; font-weight: normal\"> <o:p><\/o:p><\/span><\/h1>\n<h1 style=\"margin: auto 0cm\"><span style=\"font-family: 'Times New Roman','serif'; font-size: 12pt; font-weight: normal\"><a href=\"http:\/\/www.europarl.europa.eu\/wps-europarl-internet\/frd\/live\/live-video?eventId=20091021-0900-PLENARY_SESSION&amp;language=en\"><font color=\"#0000ff\">http:\/\/www.europarl.europa.eu\/wps-europarl-internet\/frd\/live\/live-video?eventId=20091021-0900-PLENARY_SESSION&amp;language=en<\/font><\/a><o:p><\/o:p><\/span><\/h1>\n<h1 style=\"margin: auto 0cm\"><span style=\"font-family: 'Times New Roman','serif'; font-size: 12pt; font-weight: normal\">Accludo di seguito un estratto delle principali argomentazioni contenute della proposta di risoluzione augurandomi che il Parlamento europeo la approvi a larga maggioranza.<o:p><\/o:p><\/span><\/h1>\n<p><span><font face=\"Times New Roman\"><span>\u00a0\u00a0\u00a0\u00a0\u00a0 <\/span>\u201cVi sono segnali indicanti che in vari Stati membri il pluralismo dei media \u00e8 sotto attacco e, nella sua relazione sulla libert\u00e0 di stampa, l&#8217;organizzazione <em>Freedom House<\/em> ha collocato l&#8217;Italia al 73esimo posto della classifica e menzionato anche la situazione critica in Romania e Bulgaria; inoltre l&#8217;Alto rappresentante dell&#8217;OSCE per la libert\u00e0 dei media ha espresso preoccupazione per la situazione in Italia;<o:p><\/o:p><\/font><\/span><span><font face=\"Times New Roman\"><span>\u00a0\u00a0\u00a0\u00a0\u00a0 <\/span>La situazione italiana \u00e8 particolarmente allarmante, a causa del perdurante conflitto di interessi tra la propriet\u00e0 dei media e il controllo politico degli stessi, sia pubblici che privati, nonch\u00e9 a causa del controllo della ripartizione delle risorse pubblicitarie; il governo interferisce inoltre pesantemente nel servizio televisivo pubblico, in particolare per quanto concerne la programmazione, le nomine di direttori e redattori e i contratti dei giornalisti, il che si traduce parimenti in una mancanza di pluralismo, come osservato dal principale istituto di monitoraggio dei media in Italia, il quale ha indicato che, tra luglio e settembre, il tempo assegnato al secondo partito d&#8217;opposizione nei notiziari pubblici \u00e8 stato tra lo 0,1 e lo 0,7%; il Presidente del Consiglio italiano ha anche chiesto che i portavoce della Commissione europea si astengano dal fornire informazioni,<o:p><\/o:p><\/font><\/span><span><font face=\"Times New Roman\">E\u2019 in discussione una legge che vieterebbe ai mezzi di comunicazione di diffondere informazioni pubbliche connesse a procedimenti giudiziari e che prevede pene pesanti per giornalisti e direttori,<o:p><\/o:p><\/font><\/span><span><font face=\"Times New Roman\"><span>\u00a0\u00a0\u00a0\u00a0\u00a0 <\/span>La libert\u00e0 di ricevere e comunicare informazioni senza ingerenza da parte delle autorit\u00e0 pubbliche nonch\u00e9 il pluralismo dei media, principi sanciti entrambi dall&#8217;articolo 11 della Carta dei diritti fondamentali, sono tra i fondamenti su cui poggia l&#8217;Unione europea e costituiscono un elemento essenziale della democrazia; e l&#8217;Unione ha l&#8217;obbligo politico e giuridico di garantire ai suoi cittadini \u2013 nei settori di sua competenza \u2013 il rispetto di tali diritti;<o:p><\/o:p><\/font><\/span><span><font face=\"Times New Roman\"><span>\u00a0\u00a0\u00a0\u00a0\u00a0 <\/span>Il quadro normativo dell&#8217;UE in materia di pluralismo e concentrazione dei media resta inadeguato ed \u00e8 dunque urgente che l&#8217;Unione si avvalga delle proprie competenze nei settori del mercato interno, della politica audiovisiva, della concorrenza, delle telecomunicazioni, degli aiuti di Stato, degli obblighi di servizio pubblico e dei diritti fondamentali dei cittadini per definire le condizioni minime essenziali che tutti gli Stati membri devono rispettare per assicurare, garantire e promuovere la libert\u00e0 d&#8217;informazione e un livello adeguato di pluralismo dei media; si chiede in tale contesto alla Commissione di investigare sul rischio di trust nel settore dei media in Italia\u201d<o:p><\/o:p><\/font><\/span><\/p>\n<h1 style=\"margin: auto 0cm\"><span style=\"font-size: 10pt\"><o:p><font face=\"Arial Unicode MS\">\u00a0<\/font><\/o:p><\/span><\/h1>\n","protected":false},"excerpt":{"rendered":"<p>Libert\u00e0 di informazione in Italia Mercoled\u00ec 21 ottobre il Parlamento europeo vota una proposta di risoluzione Mercoled\u00ec prossimo 21 ottobre alle ore 12.00, il Parlamento europeo riunito a Strasburgo in sessione plenaria, voter\u00e0 la proposta di risoluzione presentata dal gruppo &hellip; <a href=\"https:\/\/silviaterribili.org\/?p=54\">Continue reading <span class=\"meta-nav\">&rarr;<\/span><\/a><\/p>\n","protected":false},"author":2,"featured_media":0,"comment_status":"open","ping_status":"open","sticky":false,"template":"","format":"standard","meta":{"footnotes":""},"categories":[174],"tags":[209,14,212,197,208,207,211,204,210],"class_list":["post-54","post","type-post","status-publish","format-standard","hentry","category-liberta-di-stampa","tag-alde","tag-berlusconi","tag-concentrazione-di-potere-nei-media","tag-conflitto-di-interessi","tag-italia","tag-liberta-di-informazione","tag-monopolio-dei-meida","tag-parlamento-europeo","tag-unione-europea"],"_links":{"self":[{"href":"https:\/\/silviaterribili.org\/index.php?rest_route=\/wp\/v2\/posts\/54","targetHints":{"allow":["GET"]}}],"collection":[{"href":"https:\/\/silviaterribili.org\/index.php?rest_route=\/wp\/v2\/posts"}],"about":[{"href":"https:\/\/silviaterribili.org\/index.php?rest_route=\/wp\/v2\/types\/post"}],"author":[{"embeddable":true,"href":"https:\/\/silviaterribili.org\/index.php?rest_route=\/wp\/v2\/users\/2"}],"replies":[{"embeddable":true,"href":"https:\/\/silviaterribili.org\/index.php?rest_route=%2Fwp%2Fv2%2Fcomments&post=54"}],"version-history":[{"count":0,"href":"https:\/\/silviaterribili.org\/index.php?rest_route=\/wp\/v2\/posts\/54\/revisions"}],"wp:attachment":[{"href":"https:\/\/silviaterribili.org\/index.php?rest_route=%2Fwp%2Fv2%2Fmedia&parent=54"}],"wp:term":[{"taxonomy":"category","embeddable":true,"href":"https:\/\/silviaterribili.org\/index.php?rest_route=%2Fwp%2Fv2%2Fcategories&post=54"},{"taxonomy":"post_tag","embeddable":true,"href":"https:\/\/silviaterribili.org\/index.php?rest_route=%2Fwp%2Fv2%2Ftags&post=54"}],"curies":[{"name":"wp","href":"https:\/\/api.w.org\/{rel}","templated":true}]}}