{"id":37,"date":"2009-06-05T19:52:51","date_gmt":"2009-06-05T18:52:51","guid":{"rendered":"http:\/\/silviaterribili.org\/blog\/wordpress\/?p=37"},"modified":"2009-06-05T20:12:43","modified_gmt":"2009-06-05T19:12:43","slug":"adesione-di-nicola-tranfaglia-al-giuramento-del-candidato","status":"publish","type":"post","link":"https:\/\/silviaterribili.org\/?p=37","title":{"rendered":"Adesione di Nicola Tranfaglia al giuramento del candidato"},"content":{"rendered":"<p><img border=\"0\" height=\"1\" width=\"1\" \/><img border=\"0\" height=\"1\" width=\"1\" \/><\/p>\n<p>Anche il candidato di Italia dei Valori, Nicola Tranfaglia mi fa sapere che &#8220;risponde di s\u00ec a tutte le domande e aderisce alla piattaforma proposta senza esitazioni&#8221;.<\/p>\n<p>Invito pertanto a votare uno dei candidati che hanno aderito finora al mio &#8220;giuramento del candidato&#8221; che si trova in uno dei precedenti post di questo blog, augurandomi che siano eletti e che continuino comunque a impegnarsi per una politica pulita anche dopo le elezioni.<\/p>\n<p>Ricordo i loro nomi:<\/p>\n<p><span style=\"font-family: 'Times New Roman','serif'; font-size: 12pt\" lang=\"FR\">Corrado Farina<\/span><\/p>\n<p><span style=\"font-family: 'Times New Roman','serif'; font-size: 12pt\" lang=\"FR\">Amalia Cocchini <\/span><\/p>\n<p><span style=\"font-family: 'Times New Roman','serif'; font-size: 12pt\" lang=\"FR\">Elisabetta Rolli<\/span><\/p>\n<p><span style=\"font-family: 'Times New Roman','serif'; font-size: 12pt\" lang=\"FR\">Pietro Adami<\/span><\/p>\n<p><span style=\"font-family: 'Times New Roman','serif'; font-size: 12pt\" lang=\"FR\">Gloria Bardi<\/span><\/p>\n<p><span style=\"font-family: 'Times New Roman','serif'; font-size: 12pt\" lang=\"FR\">Massimo Bernacconi <\/span><\/p>\n<p><span style=\"font-family: 'Times New Roman','serif'; font-size: 12pt\" lang=\"FR\">Nicola Tranfaglia<\/span><\/p>\n<p>In un momento cos\u00ec difficile e triste per l&#8217;Italia, in cui la crisi economica si associa a uno spaventoso vuoto di valori e di sentimenti di civilt\u00e0, solidariet\u00e0, rispetto del prossimo, \u00e8 pi\u00f9 importante che mai continuare a credere e impegnarsi per una politica migliore.<\/p>\n<p>Protestare e criticare non basta, dobbiamo diventare veramente protagonisti di un&#8217;alternativa concreta dalla parte dei cittadini.<\/p>\n<p>Auguro un grande successo a tutti coloro che ci credono ancora.\u00a0<\/p>\n","protected":false},"excerpt":{"rendered":"<p>Anche il candidato di Italia dei Valori, Nicola Tranfaglia mi fa sapere che &#8220;risponde di s\u00ec a tutte le domande e aderisce alla piattaforma proposta senza esitazioni&#8221;. Invito pertanto a votare uno dei candidati che hanno aderito finora al mio &hellip; <a href=\"https:\/\/silviaterribili.org\/?p=37\">Continue reading <span class=\"meta-nav\">&rarr;<\/span><\/a><\/p>\n","protected":false},"author":2,"featured_media":0,"comment_status":"open","ping_status":"open","sticky":false,"template":"","format":"standard","meta":{"footnotes":""},"categories":[71],"tags":[153,120,152],"class_list":["post-37","post","type-post","status-publish","format-standard","hentry","category-elezioni-europee-2009","tag-candidati-idv-europee","tag-italia-dei-valori-europee","tag-nicola-tranfaglia"],"_links":{"self":[{"href":"https:\/\/silviaterribili.org\/index.php?rest_route=\/wp\/v2\/posts\/37","targetHints":{"allow":["GET"]}}],"collection":[{"href":"https:\/\/silviaterribili.org\/index.php?rest_route=\/wp\/v2\/posts"}],"about":[{"href":"https:\/\/silviaterribili.org\/index.php?rest_route=\/wp\/v2\/types\/post"}],"author":[{"embeddable":true,"href":"https:\/\/silviaterribili.org\/index.php?rest_route=\/wp\/v2\/users\/2"}],"replies":[{"embeddable":true,"href":"https:\/\/silviaterribili.org\/index.php?rest_route=%2Fwp%2Fv2%2Fcomments&post=37"}],"version-history":[{"count":0,"href":"https:\/\/silviaterribili.org\/index.php?rest_route=\/wp\/v2\/posts\/37\/revisions"}],"wp:attachment":[{"href":"https:\/\/silviaterribili.org\/index.php?rest_route=%2Fwp%2Fv2%2Fmedia&parent=37"}],"wp:term":[{"taxonomy":"category","embeddable":true,"href":"https:\/\/silviaterribili.org\/index.php?rest_route=%2Fwp%2Fv2%2Fcategories&post=37"},{"taxonomy":"post_tag","embeddable":true,"href":"https:\/\/silviaterribili.org\/index.php?rest_route=%2Fwp%2Fv2%2Ftags&post=37"}],"curies":[{"name":"wp","href":"https:\/\/api.w.org\/{rel}","templated":true}]}}