{"id":35,"date":"2009-05-15T20:24:48","date_gmt":"2009-05-15T19:24:48","guid":{"rendered":"http:\/\/silviaterribili.org\/blog\/wordpress\/?p=35"},"modified":"2009-05-15T20:36:26","modified_gmt":"2009-05-15T19:36:26","slug":"dieci-domande-al-capo-del-governo","status":"publish","type":"post","link":"https:\/\/silviaterribili.org\/?p=35","title":{"rendered":"Dieci domande al Capo del Governo"},"content":{"rendered":"<p><img loading=\"lazy\" decoding=\"async\" src=\"http:\/\/www.paolo.valenti.name\/wp-content\/uploads\/berlusfagna.jpg\" height=\"604\" width=\"604\" \/>Il quadro di Filippo Panseca<\/p>\n<p style=\"margin-bottom: 0cm\" lang=\"fr-FR\">&nbsp;<\/p>\n<p style=\"margin-bottom: 0cm\" lang=\"fr-FR\">Un rappresentante dei cittadini, addirittura il capo del governo, \u00e8 assolutamente tenuto a osservare una condotta anche privata che non lasci spazio a ombre di comportamenti\u00a0 eticamente inaccettabili.<\/p>\n<p style=\"margin-bottom: 0cm\" lang=\"fr-FR\">Qualsiasi dubbio in merito deve essere assolutamente fugato dalla verit\u00e0 sulla sua condotta privata.<\/p>\n<p style=\"margin-bottom: 0cm\" lang=\"fr-FR\">Mi associo alla richiesta di chiarificazione su questi 10 punti posta dal quotidiano Repubblica.<\/p>\n<p style=\"margin-bottom: 0cm\" lang=\"fr-FR\">&nbsp;<\/p>\n<p style=\"margin-bottom: 0cm\" lang=\"fr-FR\">Non rispondere, eludere le domande, somiglierebbe troppo a una implicita ammissione di colpevolezza.<\/p>\n<p style=\"margin-bottom: 0cm\" lang=\"fr-FR\">&nbsp;<\/p>\n<p style=\"margin-bottom: 0cm\" lang=\"fr-FR\">I cittadini attendono una risposta.<\/p>\n<p style=\"margin-bottom: 0cm\" lang=\"fr-FR\">&nbsp;<\/p>\n<p style=\"margin-bottom: 0cm\" lang=\"en-GB\">I cittadini hanno diritto a una risposta.<\/p>\n<p style=\"margin-bottom: 0cm\" lang=\"en-GB\">&nbsp;<\/p>\n<p style=\"margin-bottom: 0cm\" lang=\"en-GB\">I cittadini vogliono la risposta ora, prima di recarsi alle urne per eleggere il nuovo Parlamento europeo, vogliono sapere a chi affideranno la propria delega.<\/p>\n<p style=\"margin-bottom: 0cm\" lang=\"en-GB\">&nbsp;<\/p>\n<p style=\"margin-bottom: 0cm\" lang=\"fr-FR\">Riporto qui le dieci domande di Giuseppe D\u2019Avanzo<\/p>\n<p style=\"margin-bottom: 0cm\" lang=\"fr-FR\">&nbsp;<\/p>\n<p><font color=\"#000000\"><font style=\"font-size: 9pt\" size=\"2\"><span lang=\"fr-FR\">Il rosario di incoerenze che si incardina sulla questione politica posta da farefuturo e dalla signora Lario (come Berlusconi seleziona le classi dirigenti) sollecita di rivolgere a Berlusconi dieci domande:<\/span><\/font><\/font><font color=\"#000000\"><font style=\"font-size: 9pt\" size=\"2\"><span lang=\"fr-FR\">1.\u00a0\u00a0\u00a0\u00a0\u00a0 <u><a href=\"http:\/\/temi.repubblica.it\/repubblicaspeciale-dieci-domande-a-berlusconi\/2009\/05\/13\/1-signor-presidente-come-e-quando-ha-conosciuto-il-padre-di-noemi-letizia\/\"><font face=\"Arial, sans-serif\"><font style=\"font-size: 9pt\" size=\"2\" color=\"#0000ff\"><span lang=\"fr-FR\">Quando e come Berlusconi ha conosciuto il padre di Noemi Letizia, Elio<\/span><\/font><\/font><\/a><\/u><font color=\"#000000\"><font style=\"font-size: 9pt\" size=\"2\"><span lang=\"fr-FR\">?2.\u00a0\u00a0\u00a0\u00a0\u00a0 <\/span><\/font><\/font><\/p>\n<p><\/span><\/font><\/font><u><a href=\"http:\/\/temi.repubblica.it\/repubblicaspeciale-dieci-domande-a-berlusconi\/2009\/05\/13\/2-nel-corso-di-questa-amicizia-quante-volte-vi-siete-incontrati-e-dove\/\"><font face=\"Arial, sans-serif\"><font style=\"font-size: 9pt\" size=\"2\" color=\"#0000ff\"><span lang=\"fr-FR\">Nel corso di questa amicizia, che il premier dice \u00ablunga\u00bb, quante volte si sono incontrati e dove e in quale occasioni<\/span><\/font><\/font><\/a><\/u><font color=\"#000000\"><font style=\"font-size: 9pt\" size=\"2\"><span lang=\"fr-FR\">?<\/span><\/font><\/font><font color=\"#000000\"><font style=\"font-size: 9pt\" size=\"2\"><span lang=\"fr-FR\">3.\u00a0\u00a0\u00a0\u00a0\u00a0 <u><a href=\"http:\/\/temi.repubblica.it\/repubblicaspeciale-dieci-domande-a-berlusconi\/2009\/05\/13\/ogni-amicizia-ha-una-sua-ragione-che-matura-soprattutto-nel-tempo-che-\u2013-come-ammette-anche-lei-\u2013-non-e-mancato-come-lei-descriverebbe-le-ragioni-%20\"><font face=\"Arial, sans-serif\"><font style=\"font-size: 9pt\" size=\"2\" color=\"#0000ff\"><span lang=\"fr-FR\">Ogni amicizia ha una sua ragione, che matura soprattutto nel tempo e in questo caso \u2013 come ammette anche Berlusconi \u2013 il tempo non \u00e8 mancato. Come il capo del governo descriverebbe le ragioni della sua amicizia con Benedetto Letizia<\/span><\/font><\/font><\/a><\/u><font color=\"#000000\"><font style=\"font-size: 9pt\" size=\"2\"><span lang=\"fr-FR\">?4.\u00a0\u00a0\u00a0\u00a0\u00a0 <\/span><\/font><\/font><\/p>\n<p><\/span><\/font><\/font><u><a href=\"http:\/\/temi.repubblica.it\/repubblicaspeciale-dieci-domande-a-berlusconi\/2009\/05\/13\/4-signor-presidente-del-consiglio-naturalmente-lei-discute-le-candidature-del-suo-partito-con-chi-vuole-e-quando-vuole-ma-e-stato-lei-stesso-a-dire-che-non-si-e-%20\"><font face=\"Arial, sans-serif\"><font style=\"font-size: 9pt\" size=\"2\" color=\"#0000ff\"><span lang=\"fr-FR\">Naturalmente il presidente del Consiglio discute le candidature del suo partito con chi vuole e quando vuole. Ma \u00e8 stato lo stesso Berlusconi a dire che non si \u00e8 occupato direttamente della selezione dei candidati, perch\u00e9 farlo allora con Letizia, peraltro non iscritto n\u00e9 militante n\u00e9 dirigente del suo partito n\u00e9 cittadino particolarmente influente nella societ\u00e0 meridionale<\/span><\/font><\/font><\/a><\/u><font color=\"#000000\"><font style=\"font-size: 9pt\" size=\"2\"><span lang=\"fr-FR\">?<\/span><\/font><\/font><font color=\"#000000\"><font style=\"font-size: 9pt\" size=\"2\"><span lang=\"fr-FR\">5.\u00a0\u00a0\u00a0\u00a0\u00a0 <u><a href=\"http:\/\/temi.repubblica.it\/repubblicaspeciale-dieci-domande-a-berlusconi\/2009\/05\/13\/5-quando-ha-avuto-modo-di-conoscere-noemi-letizia\/\"><font face=\"Arial, sans-serif\"><font style=\"font-size: 9pt\" size=\"2\" color=\"#0000ff\"><span lang=\"fr-FR\">Quando Berlusconi ha avuto modo di conoscere Noemi Letizia<\/span><\/font><\/font><\/a><\/u><font color=\"#000000\"><font style=\"font-size: 9pt\" size=\"2\"><span lang=\"fr-FR\">?6.\u00a0\u00a0\u00a0\u00a0\u00a0 <\/span><\/font><\/font><\/p>\n<p><\/span><\/font><\/font><u><a href=\"http:\/\/temi.repubblica.it\/repubblicaspeciale-dieci-domande-a-berlusconi\/2009\/05\/13\/6noemi-dice-di-essere-stata-\u201callevata\u201d-da-lei-e-di-essere-convocata-da-lei-di-tanto-in-tanto-e-vero\/\"><font face=\"Arial, sans-serif\"><font style=\"font-size: 9pt\" size=\"2\" color=\"#0000ff\"><span lang=\"fr-FR\">Quante volte Berlusconi ha avuto modo di incontrare Noemi e dove<\/span><\/font><\/font><\/a><\/u><font color=\"#000000\"><font style=\"font-size: 9pt\" size=\"2\"><span lang=\"fr-FR\">?<\/span><\/font><\/font><font color=\"#000000\"><font style=\"font-size: 9pt\" size=\"2\"><span lang=\"fr-FR\">7.\u00a0\u00a0\u00a0\u00a0\u00a0 <u><a href=\"http:\/\/temi.repubblica.it\/repubblicaspeciale-dieci-domande-a-berlusconi\/2009\/05\/13\/7lei-si-occupa-di-noemi-e-del-suo-futuro-e-sostiene-economicamente-la-sua-famiglia\/\"><font face=\"Arial, sans-serif\"><font style=\"font-size: 9pt\" size=\"2\" color=\"#0000ff\"><span lang=\"fr-FR\">Berlusconi si occupa dell\u2019istruzione, della vita e del futuro di Noemi. Sostiene finanziariamente la sua famiglia<\/span><\/font><\/font><\/a><\/u><font color=\"#000000\"><font style=\"font-size: 9pt\" size=\"2\"><span lang=\"fr-FR\">?8.\u00a0\u00a0\u00a0\u00a0\u00a0 <\/span><\/font><\/font><\/p>\n<p><\/span><\/font><\/font><u><a href=\"http:\/\/temi.repubblica.it\/repubblicaspeciale-dieci-domande-a-berlusconi\/2009\/05\/13\/8-sua-moglie-ha-detto-che-lei-\u00abfrequenta-minorenni\u00bb-al-di-la-di-noemi-ci-sono-altre-minorenni-che-lei-incontra-che-\u00aballeva\u00bb-per-usare-un%E2%258%20\"><font face=\"Arial, sans-serif\"><font style=\"font-size: 9pt\" size=\"2\" color=\"#0000ff\"><span lang=\"fr-FR\">E\u2019 vero, come sostiene Noemi, che Berlusconi ha promesso o le ha lasciato credere di poter favorire la sua carriera nello spettacolo o, in alternativa, l\u2019accesso alla scena politica e questo \u00abuso strumentale del corpo femminile\u00bb, per il premier, non \u00abimpoverisce la qualit\u00e0 democratica di un paese\u00bb come gli rimproverano personalit\u00e0 e istituzioni culturali vicine al suo partito<\/span><\/font><\/font><\/a><\/u><font color=\"#000000\"><font style=\"font-size: 9pt\" size=\"2\"><span lang=\"fr-FR\">?\u00a0<br \/>\n0<br \/>\n9.\u00a0\u00a0\u00a0 <\/span><\/font><\/font><u><a href=\"http:\/\/temi.repubblica.it\/repubblicaspeciale-dieci-domande-a-berlusconi\/2009\/05\/13\/9-sua-moglie-ha-detto-\u00abio-ho-fatto-del-mio-meglio-tutto-cio-che-ho-creduto-possibile-ho-cercato-di-aiutare-mio-marito-ho-implorato-coloro-che-gli-stanno-acc%20\"><font face=\"Arial, sans-serif\"><font style=\"font-size: 9pt\" size=\"2\" color=\"#0000ff\"><span lang=\"fr-FR\">Veronica Lario ha detto che il marito \u00abfrequenta minorenni\u00bb. Al di l\u00e0 di Noemi, ci sono altre minorenni che il premier incontra o \u00aballeva\u00bb, per usare senza ironia un\u2019espressione della ragazza di Napoli?<\/span><\/font><\/font><\/a><\/u><font style=\"font-size: 9pt\" size=\"2\"><span lang=\"fr-FR\"><\/span><\/font><font style=\"font-size: 9pt\" size=\"2\"><span lang=\"fr-FR\"><font color=\"#000000\"><font style=\"font-size: 9pt\" size=\"2\"><span lang=\"en-GB\">10. <\/span><\/font><\/font><a href=\"http:\/\/temi.repubblica.it\/repubblicaspeciale-dieci-domande-a-berlusconi\/2009\/05\/13\/10-e-vero-che-lei-ha-promesso-a-noemi-di-favorire-la-sua-carriera-nello-spettacolo-o-in-politica\/\"><font color=\"#0000ff\"><u><font face=\"Arial, sans-serif\"><font style=\"font-size: 9pt\" size=\"2\"><span lang=\"en-GB\">Veronica Lario ha detto: \u00abHo cercato di aiutare mio marito, ho implorato coloro che gli stanno accanto di fare altrettanto, come si farebbe con una persona che non sta bene. E\u2019 stato tutto inutile\u00bb. Geriatri (come il professor Gianfranco Salvioli, dell\u2019Universit\u00e0 di Modena) ritengono che i comportamenti ossessivi nei confronti del sesso, censurati da Veronica Lario, potrebbero essere l\u2019esito di \u00abuna degenerazione psicopatologica di tratti narcisistici della personalit\u00e0\u00bb. <\/span><\/font><\/font><\/u><\/font><font color=\"#0000ff\"><u><font face=\"Arial, sans-serif\"><font style=\"font-size: 9pt\" size=\"2\"><span lang=\"fr-FR\">Quali sono le condizioni di salute del presidente del Consiglio<\/span><\/font><\/font><\/u><\/font><\/a><font color=\"#000000\"><font style=\"font-size: 9pt\" size=\"2\"><span lang=\"fr-FR\">?<br \/>\n<\/span><\/font><\/font><\/p>\n<p><\/span><\/font><\/p>\n","protected":false},"excerpt":{"rendered":"<p>Il quadro di Filippo Panseca &nbsp; Un rappresentante dei cittadini, addirittura il capo del governo, \u00e8 assolutamente tenuto a osservare una condotta anche privata che non lasci spazio a ombre di comportamenti\u00a0 eticamente inaccettabili. Qualsiasi dubbio in merito deve essere &hellip; <a href=\"https:\/\/silviaterribili.org\/?p=35\">Continue reading <span class=\"meta-nav\">&rarr;<\/span><\/a><\/p>\n","protected":false},"author":2,"featured_media":0,"comment_status":"open","ping_status":"open","sticky":false,"template":"","format":"standard","meta":{"footnotes":""},"categories":[86],"tags":[146,147,79],"class_list":["post-35","post","type-post","status-publish","format-standard","hentry","category-etica-in-politica","tag-berlusconi-carfagna-noemi-letizia","tag-il-cavaliere-e-le-veline","tag-intercettazioni"],"_links":{"self":[{"href":"https:\/\/silviaterribili.org\/index.php?rest_route=\/wp\/v2\/posts\/35","targetHints":{"allow":["GET"]}}],"collection":[{"href":"https:\/\/silviaterribili.org\/index.php?rest_route=\/wp\/v2\/posts"}],"about":[{"href":"https:\/\/silviaterribili.org\/index.php?rest_route=\/wp\/v2\/types\/post"}],"author":[{"embeddable":true,"href":"https:\/\/silviaterribili.org\/index.php?rest_route=\/wp\/v2\/users\/2"}],"replies":[{"embeddable":true,"href":"https:\/\/silviaterribili.org\/index.php?rest_route=%2Fwp%2Fv2%2Fcomments&post=35"}],"version-history":[{"count":0,"href":"https:\/\/silviaterribili.org\/index.php?rest_route=\/wp\/v2\/posts\/35\/revisions"}],"wp:attachment":[{"href":"https:\/\/silviaterribili.org\/index.php?rest_route=%2Fwp%2Fv2%2Fmedia&parent=35"}],"wp:term":[{"taxonomy":"category","embeddable":true,"href":"https:\/\/silviaterribili.org\/index.php?rest_route=%2Fwp%2Fv2%2Fcategories&post=35"},{"taxonomy":"post_tag","embeddable":true,"href":"https:\/\/silviaterribili.org\/index.php?rest_route=%2Fwp%2Fv2%2Ftags&post=35"}],"curies":[{"name":"wp","href":"https:\/\/api.w.org\/{rel}","templated":true}]}}