{"id":34,"date":"2009-05-15T20:01:13","date_gmt":"2009-05-15T19:01:13","guid":{"rendered":"http:\/\/silviaterribili.org\/blog\/wordpress\/?p=34"},"modified":"2009-05-15T20:01:13","modified_gmt":"2009-05-15T19:01:13","slug":"il-giuramento-di-massimo-bernacconi","status":"publish","type":"post","link":"https:\/\/silviaterribili.org\/?p=34","title":{"rendered":"Il giuramento di Massimo Bernacconi"},"content":{"rendered":"<p style=\"margin-bottom: 0cm\" lang=\"fr-FR\">E\u2019noto che i cittadini votano il candidato che gli somiglia, che ha i suoi stessi ideali e contenuti umani o si comporta come lui, per questo ho buttato gi\u00f9 una serie di promesse che io farei agli elettori se fossi candidata alle europee.<\/p>\n<p style=\"margin-bottom: 0cm\" lang=\"fr-FR\">&nbsp;<\/p>\n<p style=\"margin-bottom: 0cm\" lang=\"fr-FR\">L\u2019ho spedita ad alcuni candidati, ma il mio scopo \u00e8 di diffonderla il pi\u00f9 possibile, di modo che tutti possano partecipare e presentarsi al cittadino con i propri sogni e ideali.<\/p>\n<p style=\"margin-bottom: 0cm\" lang=\"fr-FR\">&nbsp;<\/p>\n<p style=\"margin-bottom: 0cm\" lang=\"fr-FR\">Ringrazio di cuore i candidati che praticamente mi hanno rispedito subito il questionario. Segno di grande entusiasmo e condivisione di idee. Grazie\u00a0!<\/p>\n<p style=\"margin-bottom: 0cm\" lang=\"fr-FR\">&nbsp;<\/p>\n<p style=\"margin-bottom: 0cm\" lang=\"fr-FR\">Pubblicher\u00f2 di volta in volta questa specie di giuramento del candidato.<\/p>\n<p style=\"margin-bottom: 0cm\" lang=\"fr-FR\">&nbsp;<\/p>\n<p style=\"margin-bottom: 0cm\" lang=\"fr-FR\">Spero di far cosa utile a tutti gli elettori che si sentono abbandonati o delusi dalla politica.<\/p>\n<p style=\"margin-bottom: 0cm\" lang=\"fr-FR\">&nbsp;<\/p>\n<p style=\"margin-bottom: 0cm\" lang=\"fr-FR\">Vorrei dire loro\u00a0: non disperate, se voi stessi avete ancora degli ideali, dei principi, dei valori umani e civili forti, ci saranno sicuramente tanti altri come voi. Per fare maggioranza dobbiamo farci conoscere e diffondere le idee e la speranza. Costruire un futuro migliore per l\u2019Italia e l\u2019Europa.<\/p>\n<p style=\"margin-bottom: 0cm\" lang=\"fr-FR\">&nbsp;<\/p>\n<p style=\"margin-bottom: 0cm\" lang=\"fr-FR\">Sul mio sito trovate i giuramenti di cinque candidati di Italia dei Valori: Corrado Farina, Amalia Cocchini, Elisabetta Rolli, Pietro Adami e Gloria Bardi. Spero che molti altri si aggiungano!<\/p>\n<p style=\"margin-bottom: 0cm\" lang=\"fr-FR\">E mi fa anche molto piacere vedere che rispondono di s\u00ec praticamente a tutte le promesse da me indicate. Segno che sono queste le priorit\u00e0 della societ\u00e0 civile e che per questi ideali si batteranno in campagna elettorale e in Europa.<\/p>\n<p style=\"margin-bottom: 0cm\">&nbsp;<\/p>\n<p style=\"margin-bottom: 0cm\" lang=\"en-GB\">Allego il testo del giuramento<\/p>\n<p style=\"margin-bottom: 0cm\">&nbsp;<\/p>\n<p style=\"margin-bottom: 0cm\">&nbsp;<\/p>\n<p dir=\"ltr\" id=\"EC_Sezione1\">\n<p style=\"margin-bottom: 0cm\">&nbsp;<\/p>\n<p dir=\"ltr\" id=\"EC_Sezione2\">\n<p style=\"margin-bottom: 0cm\">&nbsp;<\/p>\n<p dir=\"ltr\" id=\"EC_Sezione3\">\n<p style=\"margin-bottom: 0cm\">&nbsp;<\/p>\n<p style=\"margin-bottom: 0cm\" lang=\"en-GB\">Nome del candidato\u00a0:<\/p>\n<p style=\"margin-bottom: 0cm\">&nbsp;<\/p>\n<p style=\"margin-bottom: 0cm\" lang=\"en-GB\">Massimo Bernacconi<\/p>\n<p style=\"margin-bottom: 0cm\">&nbsp;<\/p>\n<p style=\"margin-bottom: 0cm\" lang=\"fr-FR\">Partito a cui \u00e8 iscritto\u00a0:<\/p>\n<p style=\"margin-bottom: 0cm\" lang=\"fr-FR\"><span class=\"EC_281023517-15052009\"><\/span><\/p>\n<p style=\"margin-bottom: 0cm\" lang=\"fr-FR\"><span class=\"EC_281023517-15052009\"><font face=\"Arial\" color=\"#0000ff\">IDV<\/font><\/span><\/p>\n<p style=\"margin-bottom: 0cm\" lang=\"fr-FR\"><span class=\"EC_281023517-15052009\"><\/span><\/p>\n<p style=\"margin-bottom: 0cm\" lang=\"fr-FR\"><span class=\"EC_281023517-15052009\">\u00a0<\/span>Partito con cui si candida\u00a0:<\/p>\n<p style=\"margin-bottom: 0cm\">&nbsp;<\/p>\n<p style=\"margin-bottom: 0cm\" lang=\"fr-FR\"><span class=\"EC_281023517-15052009\"><\/span><font face=\"Arial\"><font color=\"#0000ff\">I<span class=\"EC_281023517-15052009\">\u00a0DV\u00a0<\/span><\/font><\/font><\/p>\n<p style=\"margin-bottom: 0cm\">&nbsp;<\/p>\n<p style=\"margin-bottom: 0cm\" lang=\"en-GB\">Lingue in cui sarebbe in grado di affrontare una discussione politica con i colleghi\u00a0del Parlamento europeo.<\/p>\n<p dir=\"ltr\">\n<p style=\"margin-bottom: 0cm\" lang=\"en-GB\"><span class=\"EC_281023517-15052009\"><\/span><font face=\"Arial\"><font color=\"#0000ff\">I<span class=\"EC_281023517-15052009\">\u00a0NGLESE<\/span><\/font><\/font><\/p>\n<p style=\"margin-bottom: 0cm\" lang=\"en-GB\"><font face=\"Arial\"><font color=\"#0000ff\"><span class=\"EC_281023517-15052009\">FRANCESE<\/span><\/font><\/font><\/p>\n<p style=\"margin-bottom: 0cm\">&nbsp;<\/p>\n<p style=\"margin-bottom: 0cm\">&nbsp;<\/p>\n<p style=\"margin-bottom: 0cm\" lang=\"fr-FR\">Promette che far\u00e0 di tutto per promuovere le rinnovabili come eolico, solare, energia da moto ondoso, risparmio energetico\u00a0?<\/p>\n<p style=\"margin-bottom: 0cm\">&nbsp;<\/p>\n<h1 style=\"text-indent: -0.76cm; margin-left: 0.76cm\" class=\"EC_western\"><font color=\"#dc2300\"><span lang=\"fr-FR\">S\u00ec<\/span><\/font><\/h1>\n<p style=\"margin-bottom: 0cm\">&nbsp;<\/p>\n<p style=\"margin-bottom: 0cm\" lang=\"fr-FR\">Promette che si adoperer\u00e0 in ogni modo per promuovere l\u2019auto alimentata a batterie ricaricabili con eolico e solare?<\/p>\n<p style=\"margin-bottom: 0cm\">&nbsp;<\/p>\n<p style=\"margin-bottom: 0cm\" lang=\"fr-FR\"><font color=\"#dc2300\"><font style=\"font-size: 16pt\" size=\"4\">S\u00ec<\/font><\/font><\/p>\n<p style=\"margin-bottom: 0cm\">&nbsp;<\/p>\n<p style=\"margin-bottom: 0cm\">&nbsp;<\/p>\n<p style=\"margin-bottom: 0cm\">&nbsp;<\/p>\n<p style=\"margin-bottom: 0cm\" lang=\"fr-FR\">Promette che in seno al Parlamento europeo si opporr\u00e0 in ogni modo alla costruzione di centrali nucleari\u00a0?<\/p>\n<p style=\"margin-bottom: 0cm\">&nbsp;<\/p>\n<p style=\"margin-bottom: 0cm\" lang=\"fr-FR\"><font color=\"#dc2300\"><font style=\"font-size: 16pt\" size=\"4\">S\u00ec<\/font><\/font><\/p>\n<p style=\"margin-bottom: 0cm\">&nbsp;<\/p>\n<p style=\"margin-bottom: 0cm\">&nbsp;<\/p>\n<p style=\"margin-bottom: 0cm\" lang=\"fr-FR\">Promette che che si adoperer\u00e0 in ogni modo per promuovere l\u2019agricoltura biologica esente da pesticidi, erbicidi, ormoni\u00a0e OGM?<\/p>\n<p style=\"margin-bottom: 0cm\">&nbsp;<\/p>\n<p style=\"margin-bottom: 0cm\">&nbsp;<\/p>\n<p style=\"margin-bottom: 0cm\" lang=\"fr-FR\"><font color=\"#dc2300\"><font style=\"font-size: 16pt\" size=\"4\">S\u00ec<\/font><\/font><\/p>\n<p style=\"margin-bottom: 0cm\">&nbsp;<\/p>\n<p style=\"margin-bottom: 0cm\" lang=\"fr-FR\">Dichiara di essere assolutamente libero da condizionamenti di tipo imprenditoriale o lobbyistico che impedirebbero la sua libert\u00e0 di scelta politica\u00a0a favore dei cittadini<\/p>\n<p style=\"margin-bottom: 0cm\">&nbsp;<\/p>\n<p style=\"margin-bottom: 0cm\" lang=\"fr-FR\"><font color=\"#dc2300\"><font style=\"font-size: 16pt\" size=\"4\">S\u00ec<\/font><\/font><\/p>\n<p style=\"margin-bottom: 0cm\">&nbsp;<\/p>\n<p style=\"margin-bottom: 0cm\" lang=\"fr-FR\">Promette che si adoperer\u00e0 in ogni modo perch\u00e9 sia fatta a livello europeo una legge contro i conflitti di interessi\u00a0?<\/p>\n<p style=\"margin-bottom: 0cm\">&nbsp;<\/p>\n<p style=\"margin-bottom: 0cm\" lang=\"fr-FR\"><font color=\"#dc2300\"><font style=\"font-size: 16pt\" size=\"4\">S\u00ec<\/font><\/font><\/p>\n<p style=\"margin-bottom: 0cm\">&nbsp;<\/p>\n<p style=\"margin-bottom: 0cm\" lang=\"fr-FR\">Promette che si adoperer\u00e0 in ogni modo affinch\u00e9 gli stati promuovano investimenti nel campo dell\u2019occupazione e concedano aiuti alle imprese solo se lanciano prodotti ecologicamente sostenibili come le auto a energia solare, oppure le tecnologie rinnovabili\u00a0?<\/p>\n<p style=\"margin-bottom: 0cm\">&nbsp;<\/p>\n<p style=\"margin-bottom: 0cm\" lang=\"fr-FR\"><font color=\"#dc2300\"><font style=\"font-size: 16pt\" size=\"4\">S\u00ec<\/font><\/font><\/p>\n<p style=\"margin-bottom: 0cm\">&nbsp;<\/p>\n<p style=\"margin-bottom: 0cm\" lang=\"fr-FR\">Promette che si adoperer\u00e0 in ogni modo affinch\u00e9 l\u2019Europa si muova nella direzione di ridurre a zero i rifiuti, abbandonando l\u2019incenerimento perch\u00e9 dannoso alla salute della popolazione e favorendo il riciclaggio e il compostaggio\u00a0?<\/p>\n<p style=\"margin-bottom: 0cm\">&nbsp;<\/p>\n<p style=\"margin-bottom: 0cm\" lang=\"fr-FR\"><font color=\"#dc2300\"><font style=\"font-size: 16pt\" size=\"4\">S\u00ec <\/font><\/font><\/p>\n<p style=\"margin-bottom: 0cm\" lang=\"fr-FR\">Promette che si adoperer\u00e0 in ogni modo affinch\u00e9 l\u2019Europa abbatta la mole degli imballaggi e reintroduca il vuoto a rendere obbligatorio\u00a0?<\/p>\n<p style=\"margin-bottom: 0cm\">&nbsp;<\/p>\n<p style=\"margin-bottom: 0cm\">&nbsp;<\/p>\n<p style=\"margin-bottom: 0cm\" lang=\"fr-FR\"><font color=\"#dc2300\"><font style=\"font-size: 16pt\" size=\"4\">S\u00ec<\/font><\/font><\/p>\n<p style=\"margin-bottom: 0cm\" lang=\"fr-FR\">&nbsp;<\/p>\n<p style=\"margin-bottom: 0cm\">&nbsp;<\/p>\n<p style=\"margin-bottom: 0cm\" lang=\"fr-FR\">Promette che si adoperer\u00e0 in ogni modo affinch\u00e9 venga promosso il trasporto pubblico principalmente su rotaia\u00a0?<\/p>\n<p style=\"margin-bottom: 0cm\">&nbsp;<\/p>\n<p style=\"margin-bottom: 0cm\" lang=\"fr-FR\"><font color=\"#dc2300\"><font style=\"font-size: 16pt\" size=\"4\">S\u00ec<\/font><\/font><\/p>\n<p style=\"margin-bottom: 0cm\" lang=\"fr-FR\">&nbsp;<\/p>\n<h5 style=\"text-indent: -1.78cm; margin-bottom: 0cm; margin-left: 1.78cm\" class=\"EC_western\"><font color=\"#444444\"><font face=\"Times New Roman, serif\"><font size=\"3\"><span lang=\"fr-FR\"><span style=\"font-weight: normal\">E\u2019 favorevole alla <\/span><\/span><\/font><\/font><\/font><font color=\"#000000\"><font face=\"Times New Roman, serif\"><font size=\"3\"><span lang=\"it-IT\"><span style=\"font-weight: normal\">r<\/span><\/span><\/font><\/font><\/font><font color=\"#000000\"><font face=\"Times New Roman, serif\"><font size=\"3\"><span lang=\"fr-FR\"><span style=\"font-weight: normal\">eintroduzione della carbon tax (per la riduzione delle emissioni di anidride carbonica)\u00a0? <\/span><\/span><\/font><\/font><\/font><\/h5>\n<p style=\"margin-bottom: 0cm\" lang=\"fr-FR\"><font color=\"#dc2300\">S\u00ec<\/font><\/p>\n<p style=\"margin-bottom: 0cm\" lang=\"fr-FR\">&nbsp;<\/p>\n<p style=\"margin-bottom: 0cm\">&nbsp;<\/p>\n<p style=\"margin-bottom: 0cm\" lang=\"fr-FR\">Promette che si adoperer\u00e0 in ogni modo affinch\u00e9 venga promosso massiciamente l\u2019uso della bicicletta in citt\u00e0 come mezzo di trasporti per le brevi distanze\u00a0?<\/p>\n<p style=\"margin-bottom: 0cm\">&nbsp;<\/p>\n<p style=\"margin-bottom: 0cm\" lang=\"fr-FR\"><font color=\"#dc2300\"><font style=\"font-size: 16pt\" size=\"4\">S\u00ec<\/font><\/font><\/p>\n<p style=\"margin-bottom: 0cm\" lang=\"fr-FR\">&nbsp;<\/p>\n<p style=\"margin-bottom: 0cm\">&nbsp;<\/p>\n<p style=\"margin-bottom: 0cm\" lang=\"fr-FR\">Promette che favorir\u00e0 in ogni modo la difesa dei diritti degli omosessuali e delle coppie di fatto\u00a0?<\/p>\n<p style=\"margin-bottom: 0cm\" lang=\"fr-FR\"><font color=\"#dc2300\"><font style=\"font-size: 16pt\" size=\"4\">S\u00ec <\/font><\/font><\/p>\n<p style=\"margin-bottom: 0cm\">&nbsp;<\/p>\n<p style=\"margin-bottom: 0cm\" lang=\"fr-FR\">Promette che favorir\u00e0 l\u2019introduzione di una tassazione sulle transazioni finanziarie\u00a0?<\/p>\n<p style=\"margin-bottom: 0cm\">&nbsp;<\/p>\n<p style=\"margin-bottom: 0cm\" lang=\"fr-FR\"><font color=\"#dc2300\"><font style=\"font-size: 16pt\" size=\"4\">S\u00ec<\/font><\/font><\/p>\n<p style=\"margin-bottom: 0cm\" lang=\"fr-FR\">&nbsp;<\/p>\n<p style=\"margin-bottom: 0cm\" lang=\"fr-FR\">Promette che s\u2019impegner\u00e0 a fornire regolarmente ai cittadini su un suo blog informazioni sull\u2019utilizzo dei fondi europei destinati all\u2019Italia\u00a0?<\/p>\n<p style=\"margin-bottom: 0cm\">&nbsp;<\/p>\n<p style=\"margin-bottom: 0cm\" lang=\"fr-FR\"><font color=\"#dc2300\"><font style=\"font-size: 16pt\" size=\"4\">S\u00ec <\/font><\/font><\/p>\n<p style=\"margin-bottom: 0cm\" lang=\"fr-FR\">&nbsp;<\/p>\n<p style=\"margin-bottom: 0cm\">&nbsp;<\/p>\n<p style=\"margin-bottom: 0cm\"><font face=\"Times New Roman, serif\"><span lang=\"it-IT\">E&#8217; favorevole alla <\/span><\/font><font color=\"#000000\"><font face=\"Times New Roman, serif\"><span lang=\"it-IT\">riduzione dei salari dei dirigenti pubblici con introduzione tetto massimo?<\/span><\/font><\/font><\/p>\n<p style=\"margin-bottom: 0cm\">&nbsp;<\/p>\n<p style=\"margin-bottom: 0cm\" lang=\"en-GB\"><font color=\"#dc2300\"><font style=\"font-size: 16pt\" size=\"4\">S\u00ec<\/font><\/font><\/p>\n<p style=\"margin-bottom: 0cm\" lang=\"en-GB\">&nbsp;<\/p>\n<p style=\"margin-bottom: 0cm\">&nbsp;<\/p>\n<p style=\"margin-bottom: 0cm\" lang=\"en-GB\">E\u2019disposto a cedere una percentuale del suo stipendio parlamentare a favore dei terremotati d\u2019Abruzzo\u00a0?<\/p>\n<p style=\"margin-bottom: 0cm\">&nbsp;<\/p>\n<p style=\"margin-bottom: 0cm\">&nbsp;<\/p>\n<p style=\"margin-bottom: 0cm\" lang=\"en-GB\"><font color=\"#dc2300\"><font style=\"font-size: 16pt\" size=\"4\">No<span class=\"EC_281023517-15052009\"><font size=\"2\" face=\"Arial\" color=\"#0000ff\">\u00a0 I problemi non sono solo quelli dell&#8217;abruzzo ma tanti altri, chi fa beneficenza non deve andarla a sbandierare in pubblico\u00a0\u00a0<\/font><\/span> <\/font><\/font><\/p>\n<p style=\"margin-bottom: 0cm\">&nbsp;<\/p>\n<p style=\"margin-bottom: 0cm\" lang=\"fr-FR\">E\u2019 favorevole a un ridimensionamento degli stipendi dei parlamentari europei italiani che sono enormemente pi\u00f9 alti rispetto a quello degli altri paesi\u00a0?<\/p>\n<p style=\"margin-bottom: 0cm\">&nbsp;<\/p>\n<p style=\"margin-bottom: 0cm\"><span class=\"EC_281023517-15052009\"><font face=\"Arial\" color=\"#0000ff\">Tutti gli stipendi sono gia&#8217; stati parificati con il nuovo statuto dei parlamentari che entrera&#8217; in vigore con la nuova legislatura, la domanda non e&#8217; pertinente<\/font><\/span><\/p>\n<p style=\"margin-bottom: 0cm\">&nbsp;<\/p>\n<p style=\"margin-bottom: 0cm\" lang=\"fr-FR\">Promette che all\u2019interno del suo partito si adoperer\u00e0 a favore delle primarie interne per eleggere quadri, dirigenti e candidati\u00a0?<\/p>\n<p style=\"margin-bottom: 0cm\">&nbsp;<\/p>\n<p style=\"margin-bottom: 0cm\" lang=\"fr-FR\"><font color=\"#dc2300\"><font style=\"font-size: 16pt\" size=\"4\">No<span class=\"EC_281023517-15052009\"><font size=\"2\" face=\"Arial\" color=\"#0000ff\">\u00a0 Non credo alle primarie, sono manipolate al pari delle elezioni &#8220;vere&#8221; e costano soldi, rendendo impossibile la riduzione dei costi della politica.\u00a0<\/font><\/span><\/font><\/font><\/p>\n<p style=\"margin-bottom: 0cm\">&nbsp;<\/p>\n<p style=\"margin-bottom: 0cm\" lang=\"en-GB\">In passato ha mai votato per Silvio Berlusconi\u00a0?<\/p>\n<p style=\"margin-bottom: 0cm\">&nbsp;<\/p>\n<p style=\"margin-bottom: 0cm\" lang=\"fr-FR\"><font color=\"#dc2300\"><font style=\"font-size: 16pt\" size=\"4\">No<\/font><\/font><\/p>\n<p style=\"margin-bottom: 0cm\" lang=\"fr-FR\">&nbsp;<\/p>\n<p style=\"margin-bottom: 0cm\">&nbsp;<\/p>\n<p style=\"margin-bottom: 0cm\" lang=\"fr-FR\">Se s\u00ec, perch\u00e9?<\/p>\n<p style=\"margin-bottom: 0cm\">&nbsp;<\/p>\n<p style=\"margin-bottom: 0cm\" lang=\"fr-FR\">_________________________________________________________________<\/p>\n<p style=\"margin-bottom: 0cm\">&nbsp;<\/p>\n<p style=\"margin-bottom: 0cm\">&nbsp;<\/p>\n<p style=\"margin-bottom: 0cm\">&nbsp;<\/p>\n<p style=\"margin-bottom: 0cm\" lang=\"fr-FR\">E\u2019disposto a chiedere ufficialmente a Silvio Berlusconi di dire la verit\u00e0 sulle sue relazioni con minorenni, di cui viene accusato da sua moglie\u00a0?<\/p>\n<p style=\"margin-bottom: 0cm\" lang=\"fr-FR\"><font color=\"#dc2300\"><font style=\"font-size: 16pt\" size=\"4\">No<span class=\"EC_281023517-15052009\"><font size=\"2\" face=\"Arial\" color=\"#0000ff\">\u00a0 Berlusconi\u00a0ne ha fatte di cotte\u00a0e di crude, questa mi sembra\u00a0veramente una storia montata\u00a0ad arte per distogliere l&#8217;attenzione da fatti ben peggiori. Se ci sono notizie di reato sara&#8217; la magistratura a procedere\u00a0<\/font><\/span><\/font><\/font><\/p>\n<p style=\"margin-bottom: 0cm\">&nbsp;<\/p>\n<p style=\"margin-bottom: 0cm\" lang=\"fr-FR\">Ritiene che un primo ministro possa permettersi di lasciare ombre tanto gravi di reato sulla sua condotta privata\u00a0?<\/p>\n<p style=\"margin-bottom: 0cm\" lang=\"en-GB\"><font color=\"#dc2300\"><font style=\"font-size: 16pt\" size=\"4\">No<span class=\"EC_281023517-15052009\"><font size=\"2\" face=\"Arial\" color=\"#0000ff\">\u00a0 Ma per ragioni ben peggiori e circostanziate di quelle di cui sopra\u00a0<\/font><\/span><\/font><\/font><\/p>\n<p style=\"margin-bottom: 0cm\" lang=\"en-GB\">&nbsp;<\/p>\n<p style=\"margin-bottom: 0cm\">&nbsp;<\/p>\n<p style=\"margin-bottom: 0cm\" lang=\"en-GB\">Dichiara di non essere iscritto a associazioni che impongono segretezza e obbedienza.<\/p>\n<p style=\"margin-bottom: 0cm\"><font color=\"#dc2300\">\u00a0N<\/font><font color=\"#dc2300\"><font style=\"font-size: 16pt\" size=\"4\"><span lang=\"en-GB\">on sono iscritto<\/span><\/font><\/font><\/p>\n<p style=\"margin-bottom: 0cm\" lang=\"en-GB\">&nbsp;<\/p>\n<h5 style=\"text-indent: -1.78cm; margin-bottom: 0cm; margin-left: 1.78cm\" class=\"EC_western\"><font face=\"Times New Roman, serif\"><font size=\"3\"><span lang=\"fr-FR\"><span style=\"font-weight: normal\">E\u2019 favorevole alla c<\/span><\/span><\/font><\/font><font color=\"#000000\"><font face=\"Times New Roman, serif\"><font size=\"3\"><span lang=\"it-IT\"><span style=\"font-weight: normal\">reazione di un sindacato europeo che tuteli il lavoratore dei 27 stati membri garantendo in tutti i paesi UE gli stessi diritti e doveri e contratti collettivi europei<\/span><\/span><\/font><\/font><\/font><font color=\"#444444\">\u00a0<\/font><font color=\"#444444\"><font face=\"Times New Roman, serif\"><font size=\"3\"><span lang=\"fr-FR\"><span style=\"font-weight: normal\">?<\/span><\/span><\/font><\/font><\/font><\/h5>\n<p style=\"margin-bottom: 0cm\">&nbsp;<\/p>\n<p style=\"margin-bottom: 0cm\" lang=\"fr-FR\"><font color=\"#dc2300\"><font style=\"font-size: 16pt\" size=\"4\">No<span class=\"EC_281023517-15052009\"><font size=\"2\" face=\"Arial\" color=\"#0000ff\">\u00a0 Gia&#8217; esistono. Una contrattazione colletiva\u00a0allargata si potra&#8217; avere solo quando vi saranno economie nelle stesse condizioni<\/font><\/span><\/font><\/font><\/p>\n<p style=\"margin-bottom: 0cm\">&nbsp;<\/p>\n<h5 style=\"text-indent: -1.78cm; margin-bottom: 0cm; margin-left: 1.78cm\" class=\"EC_western\"><font color=\"#000000\"><font face=\"Times New Roman, serif\"><font size=\"3\"><span lang=\"fr-FR\"><span style=\"font-weight: normal\">E\u2019 favorevole all\u2019<\/span><\/span><\/font><\/font><\/font><font color=\"#000000\"><font face=\"Times New Roman, serif\"><font size=\"3\"><span lang=\"it-IT\"><span style=\"font-weight: normal\">introduzione di tassa europea speciale sui redditi superiori agli 80.000 euro annui?<\/span><\/span><\/font><\/font><\/font><font color=\"#444444\"> <\/font><\/h5>\n<p style=\"margin-bottom: 0cm\"><font color=\"#dc2300\"><font style=\"font-size: 16pt\" size=\"4\"><span class=\"EC_281023517-15052009\"><\/span><\/font><\/font><\/p>\n<p style=\"margin-bottom: 0cm\"><font color=\"#dc2300\"><font style=\"font-size: 16pt\" size=\"4\"><span class=\"EC_281023517-15052009\">\u00a0<\/span>No<span class=\"EC_281023517-15052009\"><font size=\"2\" face=\"Arial\" color=\"#0000ff\">\u00a0 Sono contrario a tasse c.d. &#8220;europee&#8221; ma\u00a0favorevole all&#8217;armonizzazione delle aliquote. Poi perche&#8217; 80 mila euro?\u00a0E non 60? 80 mila euro in Romania non sono gli stessi che in UK, la proposta non ha senso in termini economici\u00a0<\/font><\/span><\/font><\/font><\/p>\n<p style=\"margin-bottom: 0cm\">&nbsp;<\/p>\n<p style=\"margin-bottom: 0cm\">&nbsp;<\/p>\n<p style=\"margin-bottom: 0cm\" lang=\"fr-FR\"><font face=\"Times New Roman, serif\">Promette che si adoperer\u00e0 in ogni modo affinch\u00e9 venga tagliata la somma spaventosa che la UE dedica alla sua stessa promozione, ben 2,4 miliardi euro\u00a0?<\/font><\/p>\n<p style=\"margin-bottom: 0cm\">&nbsp;<\/p>\n<p style=\"margin-bottom: 0cm\" lang=\"fr-FR\"><font color=\"#dc2300\"><font style=\"font-size: 16pt\" size=\"4\">S\u00ec<\/font><\/font><\/p>\n<p style=\"margin-bottom: 0cm\">&nbsp;<\/p>\n<p style=\"margin-bottom: 0cm\" lang=\"fr-FR\">Promette che si adoperer\u00e0 in ogni modo affinch\u00e9 si ponga fine al continuo spostamento delle sedute del Parlamento europeo da Strasburgo a Bruxelles, che costa la bellezza di 200 milioni di euro all\u2019anno\u00a0?<\/p>\n<p style=\"margin-bottom: 0cm\">&nbsp;<\/p>\n<p style=\"margin-bottom: 0cm\" lang=\"fr-FR\"><font color=\"#dc2300\"><font style=\"font-size: 16pt\" size=\"4\">S\u00ec<\/font><\/font><\/p>\n","protected":false},"excerpt":{"rendered":"<p>E\u2019noto che i cittadini votano il candidato che gli somiglia, che ha i suoi stessi ideali e contenuti umani o si comporta come lui, per questo ho buttato gi\u00f9 una serie di promesse che io farei agli elettori se fossi &hellip; <a href=\"https:\/\/silviaterribili.org\/?p=34\">Continue reading <span class=\"meta-nav\">&rarr;<\/span><\/a><\/p>\n","protected":false},"author":2,"featured_media":0,"comment_status":"open","ping_status":"open","sticky":false,"template":"","format":"standard","meta":{"footnotes":""},"categories":[71],"tags":[145,23,144],"class_list":["post-34","post","type-post","status-publish","format-standard","hentry","category-elezioni-europee-2009","tag-candidato-idv","tag-italia-dei-valori","tag-massimo-bernacconi"],"_links":{"self":[{"href":"https:\/\/silviaterribili.org\/index.php?rest_route=\/wp\/v2\/posts\/34","targetHints":{"allow":["GET"]}}],"collection":[{"href":"https:\/\/silviaterribili.org\/index.php?rest_route=\/wp\/v2\/posts"}],"about":[{"href":"https:\/\/silviaterribili.org\/index.php?rest_route=\/wp\/v2\/types\/post"}],"author":[{"embeddable":true,"href":"https:\/\/silviaterribili.org\/index.php?rest_route=\/wp\/v2\/users\/2"}],"replies":[{"embeddable":true,"href":"https:\/\/silviaterribili.org\/index.php?rest_route=%2Fwp%2Fv2%2Fcomments&post=34"}],"version-history":[{"count":0,"href":"https:\/\/silviaterribili.org\/index.php?rest_route=\/wp\/v2\/posts\/34\/revisions"}],"wp:attachment":[{"href":"https:\/\/silviaterribili.org\/index.php?rest_route=%2Fwp%2Fv2%2Fmedia&parent=34"}],"wp:term":[{"taxonomy":"category","embeddable":true,"href":"https:\/\/silviaterribili.org\/index.php?rest_route=%2Fwp%2Fv2%2Fcategories&post=34"},{"taxonomy":"post_tag","embeddable":true,"href":"https:\/\/silviaterribili.org\/index.php?rest_route=%2Fwp%2Fv2%2Ftags&post=34"}],"curies":[{"name":"wp","href":"https:\/\/api.w.org\/{rel}","templated":true}]}}