{"id":32,"date":"2009-05-13T20:08:19","date_gmt":"2009-05-13T19:08:19","guid":{"rendered":"http:\/\/silviaterribili.org\/blog\/wordpress\/?p=32"},"modified":"2009-05-13T20:08:19","modified_gmt":"2009-05-13T19:08:19","slug":"il-giuramento-del-candidato-2","status":"publish","type":"post","link":"https:\/\/silviaterribili.org\/?p=32","title":{"rendered":"Il giuramento del candidato"},"content":{"rendered":"<p>\u00a0<\/p>\n<p style=\"margin-bottom: 0cm\"><span lang=\"en-GB\">Allego il \u201cgiuramento\u201d di Pietro Adami<\/span><\/p>\n<p dir=\"ltr\" id=\"PageElt\">\n<p dir=\"ltr\" id=\"Middle\">\n<p style=\"margin-bottom: 0cm\">&nbsp;<\/p>\n<p dir=\"ltr\" id=\"contentRight\">\n<p style=\"margin-bottom: 0cm\">&nbsp;<\/p>\n<p dir=\"ltr\" id=\"ManagedContentWrapper\">\n<p dir=\"ltr\" id=\"MainContent\">\n<p dir=\"ltr\" id=\"mainContentContainer\">\n<p dir=\"ltr\" id=\"readingPaneSplitPane\">\n<p dir=\"ltr\" id=\"readingPaneContainer\">\n<p dir=\"ltr\" id=\"readingPaneContentContainer\">\n<p dir=\"ltr\" id=\"readMsgBodyContainer\">\n<p dir=\"ltr\" id=\"MsgContainer\">\n<p style=\"margin-bottom: 0cm\">&nbsp;<\/p>\n<p style=\"margin-bottom: 0cm\" lang=\"en-GB\">Nome del candidato\u00a0:<\/p>\n<p style=\"margin-bottom: 0cm\">&nbsp;<\/p>\n<p style=\"margin-bottom: 0cm\" lang=\"en-GB\"><font color=\"#dc2300\">PIETRO ADAMI<\/font><\/p>\n<p style=\"margin-bottom: 0cm\" lang=\"en-GB\">__________________________________<\/p>\n<p style=\"margin-bottom: 0cm\">&nbsp;<\/p>\n<p style=\"margin-bottom: 0cm\" lang=\"fr-FR\">Partito a cui \u00e8 iscritto\u00a0:<\/p>\n<p style=\"border-bottom: #000000 1pt solid; border-left: medium none; padding-bottom: 0.05cm; padding-left: 0cm; padding-right: 0cm; margin-bottom: 0cm; border-top: medium none; border-right: medium none; padding-top: 0cm\" lang=\"fr-FR\"><font color=\"#dc2300\">NESSUNO<\/font><\/p>\n<p style=\"border-bottom: #000000 1pt solid; border-left: medium none; padding-bottom: 0.05cm; padding-left: 0cm; padding-right: 0cm; margin-bottom: 0cm; border-top: medium none; border-right: medium none; padding-top: 0cm\">&nbsp;<\/p>\n<p style=\"margin-bottom: 0cm\">&nbsp;<\/p>\n<p style=\"margin-bottom: 0cm\" lang=\"fr-FR\">Partito con cui si candida\u00a0:<\/p>\n<p style=\"margin-bottom: 0cm\">&nbsp;<\/p>\n<p style=\"margin-bottom: 0cm\" lang=\"fr-FR\"><font color=\"#dc2300\">ITALIA DEI VALORI<\/font><\/p>\n<p style=\"margin-bottom: 0cm\" lang=\"fr-FR\"><font color=\"#dc2300\">_______________________<\/font>________________<\/p>\n<p style=\"margin-bottom: 0cm\">&nbsp;<\/p>\n<p style=\"margin-bottom: 0cm\">&nbsp;<\/p>\n<p style=\"margin-bottom: 0cm\" lang=\"en-GB\">Lingue in cui sarebbe in grado di affrontare una discussione politica con i colleghi\u00a0del Parlamento europeo.<\/p>\n<p style=\"margin-bottom: 0cm\" lang=\"en-GB\"><font color=\"#dc2300\">INGLESE &#8211; FRANCESE SCOLASTICO <\/font><\/p>\n<p style=\"margin-bottom: 0cm\" lang=\"en-GB\">_____________________________________________________<\/p>\n<p style=\"margin-bottom: 0cm\">&nbsp;<\/p>\n<p style=\"border-bottom: #000000 1pt solid; border-left: medium none; padding-bottom: 0.05cm; padding-left: 0cm; padding-right: 0cm; margin-bottom: 0cm; border-top: medium none; border-right: medium none; padding-top: 0cm\">&nbsp;<\/p>\n<p style=\"margin-bottom: 0cm\">&nbsp;<\/p>\n<p style=\"margin-bottom: 0cm\">&nbsp;<\/p>\n<p style=\"margin-bottom: 0cm\" lang=\"en-GB\">____________________________________________________________<\/p>\n<p style=\"margin-bottom: 0cm\">&nbsp;<\/p>\n<p style=\"margin-bottom: 0cm\">&nbsp;<\/p>\n<p style=\"margin-bottom: 0cm\">&nbsp;<\/p>\n<p style=\"margin-bottom: 0cm\" lang=\"fr-FR\">Promette che far\u00e0 di tutto per promuovere le rinnovabili come eolico, solare, energia da moto ondoso, risparmio energetico\u00a0?<\/p>\n<p style=\"margin-bottom: 0cm\">&nbsp;<\/p>\n<h1 lang=\"fr-FR\" class=\"western\"><font color=\"#dc2300\">S\u00ec<\/font><\/h1>\n<p style=\"margin-bottom: 0cm\">&nbsp;<\/p>\n<p style=\"margin-bottom: 0cm\">&nbsp;<\/p>\n<p style=\"margin-bottom: 0cm\" lang=\"fr-FR\">Promette che si adoperer\u00e0 in ogni modo per promuovere l\u2019auto alimentata a batterie ricaricabili con eolico e solare?<\/p>\n<p style=\"margin-bottom: 0cm\">&nbsp;<\/p>\n<p style=\"margin-bottom: 0cm\" lang=\"fr-FR\"><font color=\"#dc2300\"><font style=\"font-size: 16pt\" size=\"4\">S\u00ec <\/font><\/font><\/p>\n<p style=\"margin-bottom: 0cm\">&nbsp;<\/p>\n<p style=\"margin-bottom: 0cm\">&nbsp;<\/p>\n<p style=\"margin-bottom: 0cm\">&nbsp;<\/p>\n<p style=\"margin-bottom: 0cm\" lang=\"fr-FR\">Promette che in seno al Parlamento europeo si opporr\u00e0 in ogni modo alla costruzione di centrali nucleari\u00a0?<\/p>\n<p style=\"margin-bottom: 0cm\">&nbsp;<\/p>\n<p style=\"margin-bottom: 0cm\" lang=\"fr-FR\"><font color=\"#dc2300\"><font style=\"font-size: 16pt\" size=\"4\">S\u00ec <\/font><\/font><\/p>\n<p style=\"margin-bottom: 0cm\">&nbsp;<\/p>\n<p style=\"margin-bottom: 0cm\">&nbsp;<\/p>\n<p style=\"margin-bottom: 0cm\" lang=\"fr-FR\">Promette che che si adoperer\u00e0 in ogni modo per promuovere l\u2019agricoltura biologica esente da pesticidi, erbicidi, ormoni\u00a0e OGM?<\/p>\n<p style=\"margin-bottom: 0cm\">&nbsp;<\/p>\n<p style=\"margin-bottom: 0cm\">&nbsp;<\/p>\n<p style=\"margin-bottom: 0cm\" lang=\"fr-FR\"><font color=\"#dc2300\"><font style=\"font-size: 16pt\" size=\"4\">S\u00ec <\/font><\/font><\/p>\n<p style=\"margin-bottom: 0cm\">&nbsp;<\/p>\n<p style=\"margin-bottom: 0cm\" lang=\"fr-FR\">Dichiara di essere assolutamente libero da condizionamenti di tipo imprenditoriale o lobbyistico che impedirebbero la sua libert\u00e0 di scelta politica\u00a0a favore dei cittadini<\/p>\n<p style=\"margin-bottom: 0cm\">&nbsp;<\/p>\n<p style=\"margin-bottom: 0cm\" lang=\"fr-FR\"><font color=\"#dc2300\"><font style=\"font-size: 16pt\" size=\"4\">S\u00ec <\/font><\/font><\/p>\n<p style=\"margin-bottom: 0cm\">&nbsp;<\/p>\n<p style=\"margin-bottom: 0cm\" lang=\"fr-FR\">Promette che si adoperer\u00e0 in ogni modo perch\u00e9 sia fatta a livello europeo una legge contro i conflitti di interessi\u00a0?<\/p>\n<p style=\"margin-bottom: 0cm\">&nbsp;<\/p>\n<p style=\"margin-bottom: 0cm\" lang=\"fr-FR\"><font color=\"#dc2300\"><font style=\"font-size: 16pt\" size=\"4\">S\u00ec <\/font><\/font><\/p>\n<p style=\"margin-bottom: 0cm\">&nbsp;<\/p>\n<p style=\"margin-bottom: 0cm\" lang=\"fr-FR\">Promette che si adoperer\u00e0 in ogni modo affinch\u00e9 gli stati promuovano investimenti nel campo dell\u2019occupazione e concedano aiuti alle imprese solo se lanciano prodotti ecologicamente sostenibili come le auto a energia solare, oppure le tecnologie rinnovabili\u00a0?<\/p>\n<p style=\"margin-bottom: 0cm\">&nbsp;<\/p>\n<p style=\"margin-bottom: 0cm\" lang=\"fr-FR\"><font color=\"#dc2300\"><font style=\"font-size: 16pt\" size=\"4\">S\u00ec <\/font><\/font><\/p>\n<p style=\"margin-bottom: 0cm\" lang=\"fr-FR\"><font color=\"#dc2300\"><font size=\"3\">Fa parte del mio programma, e ne \u00e8 parte fondamentale. L&#8217;attuale modello di sviluppo non \u00e8 sostenibile, ed \u00e8 decisiva la leva dei contributi. non \u00e8 possibile continuare a dare contributo senza un impegno sociale delle imprese. I contributi devono tenere presente i costi sociali ed ambientali del consumismo. In sintesi. la produzione di un bene al posto di un altro non \u00e8 neutra. Ad esempio va considerato l&#8217;impatto del &#8216;rifiuto&#8217; che il bene stesso, dopo poco tempo, diviene. <\/font><\/font><\/p>\n<p style=\"margin-bottom: 0cm\" lang=\"fr-FR\"><font color=\"#dc2300\"><font size=\"3\">Quindi vado oltre, contributi in relazione all&#8217;impatto ambientale del bene prodotto. <\/font><\/font><\/p>\n<p style=\"margin-bottom: 0cm\">&nbsp;<\/p>\n<p style=\"margin-bottom: 0cm\" lang=\"fr-FR\">Promette che si adoperer\u00e0 in ogni modo affinch\u00e9 l\u2019Europa si muova nella direzione di ridurre a zero i rifiuti, abbandonando l\u2019incenerimento perch\u00e9 dannoso alla salute della popolazione e favorendo il riciclaggio e il compostaggio\u00a0?<\/p>\n<p style=\"margin-bottom: 0cm\">&nbsp;<\/p>\n<p style=\"margin-bottom: 0cm\" lang=\"fr-FR\"><font color=\"#dc2300\"><font style=\"font-size: 16pt\" size=\"4\">S\u00ec <\/font><\/font><\/p>\n<p style=\"margin-bottom: 0cm\" lang=\"fr-FR\"><font size=\"3\">Ho presentato in passato progetti in tal senso (ad esempio nella regione Calabria)<\/font><\/p>\n<p style=\"margin-bottom: 0cm\" lang=\"fr-FR\">Promette che si adoperer\u00e0 in ogni modo affinch\u00e9 l\u2019Europa abbatta la mole degli imballaggi e reintroduca il vuoto a rendere obbligatorio\u00a0?<\/p>\n<p style=\"margin-bottom: 0cm\">&nbsp;<\/p>\n<p style=\"margin-bottom: 0cm\">&nbsp;<\/p>\n<p style=\"margin-bottom: 0cm\" lang=\"fr-FR\"><font color=\"#dc2300\"><font style=\"font-size: 16pt\" size=\"4\">S\u00ec<\/font><\/font><\/p>\n<p style=\"margin-bottom: 0cm\" lang=\"fr-FR\"><font color=\"#dc2300\"><font size=\"3\">Assolutamente<\/font><\/font><\/p>\n<p style=\"margin-bottom: 0cm\">&nbsp;<\/p>\n<p style=\"margin-bottom: 0cm\" lang=\"fr-FR\">Promette che si adoperer\u00e0 in ogni modo affinch\u00e9 venga promosso il trasporto pubblico principalmente su rotaia\u00a0?<\/p>\n<p style=\"margin-bottom: 0cm\">&nbsp;<\/p>\n<p style=\"margin-bottom: 0cm\" lang=\"fr-FR\"><font color=\"#dc2300\"><font style=\"font-size: 16pt\" size=\"4\">S\u00ec <\/font><\/font><\/p>\n<p style=\"margin-bottom: 0cm\" lang=\"fr-FR\"><font color=\"#dc2300\"><font size=\"3\">Inoltre bisogna sostenere la produzione a km zero.<\/font><\/font><\/p>\n<h5 style=\"margin-top: 0cm; margin-bottom: 0cm\"><font color=\"#444444\"><font face=\"Times New Roman, serif\"><font size=\"3\"><span lang=\"fr-FR\"><span style=\"font-weight: normal\">E\u2019 favorevole alla <\/span><\/span><\/font><\/font><\/font><font color=\"#000000\"><font face=\"Times New Roman, serif\"><font size=\"3\"><span lang=\"it-IT\"><span style=\"font-weight: normal\">r<\/span><\/span><\/font><\/font><\/font><font color=\"#000000\"><font face=\"Times New Roman, serif\"><font size=\"3\"><span lang=\"fr-FR\"><span style=\"font-weight: normal\">eintroduzione della carbon tax (per la riduzione delle emissioni di anidride carbonica)\u00a0? <\/span><\/span><\/font><\/font><\/font><\/h5>\n<p style=\"margin-bottom: 0cm\" lang=\"fr-FR\"><font color=\"#dc2300\">S\u00ec <\/font><\/p>\n<p style=\"margin-bottom: 0cm\" lang=\"fr-FR\"><font color=\"#dc2300\"><font size=\"3\">Inoltre va promossa maggiormente la via dei certificati verdi e bianchi, sostenendone le quotazioni<\/font><\/font><\/p>\n<p style=\"margin-bottom: 0cm\">&nbsp;<\/p>\n<p style=\"margin-bottom: 0cm\" lang=\"fr-FR\">Promette che si adoperer\u00e0 in ogni modo affinch\u00e9 venga promosso massiciamente l\u2019uso della bicicletta in citt\u00e0 come mezzo di trasporti per le brevi distanze\u00a0?<\/p>\n<p style=\"margin-bottom: 0cm\">&nbsp;<\/p>\n<p style=\"margin-bottom: 0cm\" lang=\"fr-FR\"><font color=\"#dc2300\"><font style=\"font-size: 16pt\" size=\"4\">S\u00ec <\/font><\/font><\/p>\n<p style=\"margin-bottom: 0cm\" lang=\"fr-FR\"><font color=\"#dc2300\">Occorre dedicare maggiori spazi alle piste ciclabili, se del caso sottraendoli alla circolazione automobilistica. Inoltre occorre un acquisto massiccio di biciclette &#8216;pubbliche'(anche a basso costo) . Tutti devono trovare biciclette davanti alle fermate della metro, deghli autobus etc., potendole lasciare in altre stazioni vicino al luogo di destinazione.<\/font><\/p>\n<p style=\"margin-bottom: 0cm\" lang=\"fr-FR\"><font color=\"#dc2300\">Apparentemente \u00e8 un costo, in termini sociali sarebbe un enorme risparmio.<\/font><\/p>\n<p style=\"margin-bottom: 0cm\">&nbsp;<\/p>\n<p style=\"margin-bottom: 0cm\" lang=\"fr-FR\">Promette che favorir\u00e0 in ogni modo la difesa dei diritti degli omosessuali e delle coppie di fatto\u00a0?<\/p>\n<p style=\"margin-bottom: 0cm\" lang=\"fr-FR\"><font color=\"#dc2300\"><font style=\"font-size: 16pt\" size=\"4\">S\u00ec <\/font><\/font><\/p>\n<p style=\"margin-bottom: 0cm\">&nbsp;<\/p>\n<p style=\"margin-bottom: 0cm\" lang=\"fr-FR\">Promette che favorir\u00e0 l\u2019introduzione di una tassazione sulle transazioni finanziarie\u00a0?<\/p>\n<p style=\"margin-bottom: 0cm\">&nbsp;<\/p>\n<p style=\"margin-bottom: 0cm\" lang=\"fr-FR\"><font color=\"#dc2300\"><font style=\"font-size: 16pt\" size=\"4\">S\u00ec <\/font><\/font><\/p>\n<p style=\"margin-bottom: 0cm\" lang=\"fr-FR\">Basterebbe uniformarsi al resto d&#8217;Europa. L&#8217; ho detto e scritto pi\u00f9 volte. Ed in questo la Confindustria \u00e8 d&#8217;accordo. Non si tratta di produzione, ma di speculazione, nulla di male, ma che paghi almeno quanto la produzione.<\/p>\n<p style=\"margin-bottom: 0cm\" lang=\"fr-FR\">Promette che s\u2019impegner\u00e0 a fornire regolarmente ai cittadini su un suo blog informazioni sull\u2019utilizzo dei fondi europei destinati all\u2019Italia\u00a0?<\/p>\n<p style=\"margin-bottom: 0cm\">&nbsp;<\/p>\n<p style=\"margin-bottom: 0cm\" lang=\"fr-FR\"><font color=\"#dc2300\"><font style=\"font-size: 16pt\" size=\"4\">S\u00ec <\/font><\/font><\/p>\n<p style=\"margin-bottom: 0cm\" lang=\"fr-FR\"><font color=\"#dc2300\"><font size=\"3\">il mio attuale blog sar\u00e0 attivo anche in seguito<\/font><\/font><\/p>\n<p style=\"margin-bottom: 0cm\">&nbsp;<\/p>\n<p style=\"margin-bottom: 0cm\"><font face=\"Arial Unicode MS, sans-serif\"><font face=\"Times New Roman, serif\"><span lang=\"it-IT\">E&#8217; favorevole alla <\/span><\/font><font color=\"#000000\"><font face=\"Times New Roman, serif\"><span lang=\"it-IT\">riduzione dei salari dei dirigenti pubblici con introduzione tetto massimo?<\/span><\/font><\/font><\/font><\/p>\n<p style=\"margin-bottom: 0cm\">&nbsp;<\/p>\n<p style=\"margin-bottom: 0cm\" lang=\"en-GB\"><font color=\"#dc2300\"><font style=\"font-size: 16pt\" size=\"4\">S\u00ec <\/font><\/font><\/p>\n<p style=\"margin-bottom: 0cm\" lang=\"en-GB\"><font color=\"#dc2300\"><font size=\"3\">Ed anche alla riduzione degli stipendi dei parlamentari dei consiglieri regionali etc. Nonch\u00e8 al taglio della auto blu salvo casi di comprovato rischio per la sicurezza. <\/font><\/font><\/p>\n<p style=\"margin-bottom: 0cm\">&nbsp;<\/p>\n<p style=\"margin-bottom: 0cm\" lang=\"en-GB\">E\u2019disposto a cedere una percentuale del suo stipendio parlamentare a favore dei terremotati d\u2019Abruzzo\u00a0?<\/p>\n<p style=\"margin-bottom: 0cm\">&nbsp;<\/p>\n<p style=\"margin-bottom: 0cm\">&nbsp;<\/p>\n<p style=\"margin-bottom: 0cm\" lang=\"en-GB\"><font color=\"#dc2300\"><font style=\"font-size: 16pt\" size=\"4\">S\u00ec <\/font><\/font><\/p>\n<p style=\"margin-bottom: 0cm\">&nbsp;<\/p>\n<p style=\"margin-bottom: 0cm\" lang=\"fr-FR\">E\u2019 favorevole a un ridimensionamento degli stipendi dei parlamentari europei italiani che sono enormemente pi\u00f9 alti rispetto a quello degli altri paesi\u00a0?<\/p>\n<p style=\"margin-bottom: 0cm\">&nbsp;<\/p>\n<p style=\"margin-bottom: 0cm\">&nbsp;<\/p>\n<p style=\"margin-bottom: 0cm\" lang=\"fr-FR\"><font color=\"#dc2300\"><font style=\"font-size: 16pt\" size=\"4\">S\u00ec <\/font><\/font><\/p>\n<p style=\"margin-bottom: 0cm\">&nbsp;<\/p>\n<p style=\"margin-bottom: 0cm\" lang=\"fr-FR\">Promette che all\u2019interno del suo partito si adoperer\u00e0 a favore delle primarie interne per eleggere quadri, dirigenti e candidati\u00a0?<\/p>\n<p style=\"margin-bottom: 0cm\">&nbsp;<\/p>\n<p style=\"margin-bottom: 0cm\" lang=\"fr-FR\"><font color=\"#dc2300\"><font style=\"font-size: 16pt\" size=\"4\">NO<\/font><\/font><\/p>\n<p style=\"margin-bottom: 0cm\" lang=\"fr-FR\"><font color=\"#dc2300\">i partiti funzionano con i loro statuti. Mentre prometto il mio massimo impegno perch\u00e8 le primarie siano il metodo di coalizione. L&#8217;ho scritto anche nel mio articolo &#8216;democrazia elettorale&#8217; e l&#8217;ho ribadito nel convegno recente l&#8217;a Democrazia nei partiti (si veda il mio intervento sul sito di Radio Radicale. 6 febbraio 2009)<\/font><\/p>\n<p style=\"margin-bottom: 0cm\">&nbsp;<\/p>\n<p style=\"margin-bottom: 0cm\" lang=\"en-GB\">In passato ha mai votato per Silvio Berlusconi\u00a0?<\/p>\n<p style=\"margin-bottom: 0cm\">&nbsp;<\/p>\n<p style=\"margin-bottom: 0cm\" lang=\"fr-FR\"><font color=\"#dc2300\"><font style=\"font-size: 16pt\" size=\"4\">No<\/font><\/font><\/p>\n<p style=\"margin-bottom: 0cm\" lang=\"fr-FR\"><font color=\"#dc2300\">MAI<\/font><\/p>\n<p style=\"margin-bottom: 0cm\">&nbsp;<\/p>\n<p style=\"margin-bottom: 0cm\" lang=\"fr-FR\">Se s\u00ec, perch\u00e9?<\/p>\n<p style=\"margin-bottom: 0cm\">&nbsp;<\/p>\n<p style=\"margin-bottom: 0cm\" lang=\"fr-FR\">_________________________________________________________________<\/p>\n<p style=\"margin-bottom: 0cm\">&nbsp;<\/p>\n<p style=\"margin-bottom: 0cm\">&nbsp;<\/p>\n<p style=\"margin-bottom: 0cm\">&nbsp;<\/p>\n<p style=\"margin-bottom: 0cm\" lang=\"fr-FR\">E\u2019disposto a chiedere ufficialmente a Silvio Berlusconi di dire la verit\u00e0 sulle sue relazioni con minorenni, di cui viene accusato da sua moglie\u00a0?<\/p>\n<p style=\"margin-bottom: 0cm\" lang=\"fr-FR\"><font color=\"#dc2300\"><font style=\"font-size: 16pt\" size=\"4\">No<\/font><\/font><\/p>\n<p style=\"margin-bottom: 0cm\" lang=\"fr-FR\"><font color=\"#dc2300\"><font size=\"3\">Siamo gi\u00e0 in grado di farci un giudizio<\/font><\/font><\/p>\n<p style=\"margin-bottom: 0cm\">&nbsp;<\/p>\n<p style=\"margin-bottom: 0cm\" lang=\"fr-FR\">Ritiene che un primo ministro possa permettersi di lasciare ombre tanto gravi di reato sulla sua condotta privata\u00a0?<\/p>\n<p style=\"margin-bottom: 0cm\" lang=\"en-GB\"><font color=\"#dc2300\"><font style=\"font-size: 16pt\" size=\"4\">No<\/font><\/font><\/p>\n<p style=\"margin-bottom: 0cm\" lang=\"en-GB\"><font color=\"#dc2300\"><font size=\"3\">Ho raccolto le firme personalmente per il referendum sul lodo Alfano<\/font><\/font><\/p>\n<p style=\"margin-bottom: 0cm\">&nbsp;<\/p>\n<p style=\"margin-bottom: 0cm\" lang=\"en-GB\">Dichiara di non essere iscritto a associazioni che impongono segretezza e obbedienza.<\/p>\n<p style=\"margin-bottom: 0cm\"><font color=\"#dc2300\">\u00a0<font style=\"font-size: 16pt\" size=\"4\"><span lang=\"en-GB\">No<\/span><\/font><\/font><\/p>\n<p style=\"margin-bottom: 0cm\" lang=\"en-GB\"><font color=\"#dc2300\"><font size=\"3\">Stiamo scherzando?<\/font> Se qualcuno risponde &#8216;si&#8217; fatemelo sapere.<\/font><\/p>\n<h5 style=\"margin-top: 0cm; margin-bottom: 0cm\"><font face=\"Times New Roman, serif\"><font size=\"3\"><span lang=\"fr-FR\"><span style=\"font-weight: normal\">E\u2019 favorevole alla c<\/span><\/span><\/font><\/font><font color=\"#000000\"><font face=\"Times New Roman, serif\"><font size=\"3\"><span lang=\"it-IT\"><span style=\"font-weight: normal\">reazione di un sindacato europeo che tuteli il lavoratore dei 27 stati membri garantendo in tutti i paesi UE gli stessi diritti e doveri e contratti collettivi europei<\/span><\/span><\/font><\/font><\/font><font color=\"#444444\">\u00a0<\/font><font color=\"#444444\"><font face=\"Times New Roman, serif\"><font size=\"3\"><span lang=\"fr-FR\"><span style=\"font-weight: normal\">?<\/span><\/span><\/font><\/font><\/font><\/h5>\n<p style=\"margin-bottom: 0cm\">&nbsp;<\/p>\n<p style=\"margin-bottom: 0cm\" lang=\"fr-FR\"><font color=\"#dc2300\"><font style=\"font-size: 16pt\" size=\"4\">S\u00ec <\/font><\/font><\/p>\n<p style=\"margin-bottom: 0cm\">&nbsp;<\/p>\n<h5 style=\"margin-top: 0cm; margin-bottom: 0cm\"><font color=\"#000000\"><font face=\"Times New Roman, serif\"><font size=\"3\"><span lang=\"fr-FR\"><span style=\"font-weight: normal\">E\u2019 favorevole all\u2019<\/span><\/span><\/font><\/font><\/font><font color=\"#000000\"><font face=\"Times New Roman, serif\"><font size=\"3\"><span lang=\"it-IT\"><span style=\"font-weight: normal\">introduzione di tassa europea speciale sui redditi superiori agli 80.000 euro annui?<\/span><\/span><\/font><\/font><\/font><font color=\"#444444\"> <\/font><\/h5>\n<p style=\"margin-bottom: 0cm\">&nbsp;<\/p>\n<p style=\"margin-bottom: 0cm\" lang=\"fr-FR\"><font color=\"#dc2300\"><font style=\"font-size: 16pt\" size=\"4\">S\u00ec <\/font><\/font><\/p>\n<p style=\"margin-bottom: 0cm\">&nbsp;<\/p>\n<p style=\"margin-bottom: 0cm\">&nbsp;<\/p>\n<p style=\"margin-bottom: 0cm\" lang=\"fr-FR\"><font face=\"Times New Roman, serif\">Promette che si adoperer\u00e0 in ogni modo affinch\u00e9 venga tagliata la somma spaventosa che la UE dedica alla sua stessa promozione, ben 2,4 miliardi euro\u00a0?<\/font><\/p>\n<p style=\"margin-bottom: 0cm\">&nbsp;<\/p>\n<p style=\"margin-bottom: 0cm\" lang=\"fr-FR\"><font color=\"#dc2300\"><font style=\"font-size: 16pt\" size=\"4\">S\u00ec <\/font><\/font><\/p>\n<p style=\"margin-bottom: 0cm\">&nbsp;<\/p>\n<p style=\"margin-bottom: 0cm\" lang=\"fr-FR\">Promette che si adoperer\u00e0 in ogni modo affinch\u00e9 si ponga fine al continuo spostamento delle sedute del Parlamento europeo da Strasburgo a Bruxelles, che costa la bellezza di 200 milioni di euro all\u2019anno\u00a0?<\/p>\n<p style=\"margin-bottom: 0cm\">&nbsp;<\/p>\n<p style=\"margin-bottom: 0cm\" lang=\"fr-FR\"><font color=\"#dc2300\"><font style=\"font-size: 16pt\" size=\"4\">S\u00ec <\/font><\/font><\/p>\n<p style=\"margin-bottom: 0cm\">&nbsp;<\/p>\n<p style=\"margin-bottom: 0cm\">&nbsp;<\/p>\n<p style=\"margin-bottom: 0cm\" lang=\"en-GB\">Spazio per eventuali chiarificazioni e spiegazioni<\/p>\n<p style=\"margin-bottom: 0cm\">&nbsp;<\/p>\n<p style=\"margin-bottom: 0cm\" lang=\"en-GB\"><font color=\"#dc2300\">Per ulteriori chiarimenti, rinvio al mio sito (dove compaiono scritti e proposte)\u00a0<\/font><\/p>\n<p style=\"margin-bottom: 0cm\">&nbsp;<\/p>\n<p style=\"margin-bottom: 0cm\" lang=\"en-GB\"><font color=\"#dc2300\">http:\/\/adamipietro.wordpress.com\/<\/font><\/p>\n<p style=\"margin-bottom: 0cm\">&nbsp;<\/p>\n<p style=\"margin-bottom: 0cm\">&nbsp;<\/p>\n<p style=\"margin-bottom: 0cm\">&nbsp;<\/p>\n<p style=\"margin-bottom: 0cm\" lang=\"en-GB\">&nbsp;<\/p>\n","protected":false},"excerpt":{"rendered":"<p>\u00a0 Allego il \u201cgiuramento\u201d di Pietro Adami &nbsp; &nbsp; &nbsp; Nome del candidato\u00a0: &nbsp; PIETRO ADAMI __________________________________ &nbsp; Partito a cui \u00e8 iscritto\u00a0: NESSUNO &nbsp; &nbsp; Partito con cui si candida\u00a0: &nbsp; ITALIA DEI VALORI _______________________________________ &nbsp; &nbsp; Lingue in &hellip; <a href=\"https:\/\/silviaterribili.org\/?p=32\">Continue reading <span class=\"meta-nav\">&rarr;<\/span><\/a><\/p>\n","protected":false},"author":2,"featured_media":0,"comment_status":"open","ping_status":"open","sticky":false,"template":"","format":"standard","meta":{"footnotes":""},"categories":[71],"tags":[139,138,140],"class_list":["post-32","post","type-post","status-publish","format-standard","hentry","category-elezioni-europee-2009","tag-candidato-europee-idv","tag-pietro-adami","tag-priorita-idv-in-europa"],"_links":{"self":[{"href":"https:\/\/silviaterribili.org\/index.php?rest_route=\/wp\/v2\/posts\/32","targetHints":{"allow":["GET"]}}],"collection":[{"href":"https:\/\/silviaterribili.org\/index.php?rest_route=\/wp\/v2\/posts"}],"about":[{"href":"https:\/\/silviaterribili.org\/index.php?rest_route=\/wp\/v2\/types\/post"}],"author":[{"embeddable":true,"href":"https:\/\/silviaterribili.org\/index.php?rest_route=\/wp\/v2\/users\/2"}],"replies":[{"embeddable":true,"href":"https:\/\/silviaterribili.org\/index.php?rest_route=%2Fwp%2Fv2%2Fcomments&post=32"}],"version-history":[{"count":0,"href":"https:\/\/silviaterribili.org\/index.php?rest_route=\/wp\/v2\/posts\/32\/revisions"}],"wp:attachment":[{"href":"https:\/\/silviaterribili.org\/index.php?rest_route=%2Fwp%2Fv2%2Fmedia&parent=32"}],"wp:term":[{"taxonomy":"category","embeddable":true,"href":"https:\/\/silviaterribili.org\/index.php?rest_route=%2Fwp%2Fv2%2Fcategories&post=32"},{"taxonomy":"post_tag","embeddable":true,"href":"https:\/\/silviaterribili.org\/index.php?rest_route=%2Fwp%2Fv2%2Ftags&post=32"}],"curies":[{"name":"wp","href":"https:\/\/api.w.org\/{rel}","templated":true}]}}