{"id":278,"date":"2012-07-03T22:13:44","date_gmt":"2012-07-03T21:13:44","guid":{"rendered":"http:\/\/silviaterribili.org\/blog\/wordpress\/?p=278"},"modified":"2012-07-03T22:34:21","modified_gmt":"2012-07-03T21:34:21","slug":"scuola-dei-valori-a-spoleto-20-22-luglio-2012","status":"publish","type":"post","link":"https:\/\/silviaterribili.org\/?p=278","title":{"rendered":"Scuola dei Valori a Spoleto 20-22 luglio 2012"},"content":{"rendered":"<div>\n<p><strong><em><a href=\"http:\/\/silviaterribili.org\/blog\/wordpress\/?attachment_id=280\" rel=\"attachment wp-att-280\"><img loading=\"lazy\" decoding=\"async\" class=\"alignleft size-full wp-image-280\" title=\"DSCN3164\" src=\"http:\/\/silviaterribili.org\/blog\/wordpress\/wp-content\/uploads\/2012\/07\/DSCN3164.jpg\" alt=\"\" width=\"2272\" height=\"1704\" srcset=\"https:\/\/silviaterribili.org\/wp-content\/uploads\/2012\/07\/DSCN3164.jpg 2272w, https:\/\/silviaterribili.org\/wp-content\/uploads\/2012\/07\/DSCN3164-300x224.jpg 300w, https:\/\/silviaterribili.org\/wp-content\/uploads\/2012\/07\/DSCN3164-1024x768.jpg 1024w\" sizes=\"auto, (max-width: 2272px) 100vw, 2272px\" \/><\/a><\/em><\/strong><\/p>\n<p>&nbsp;<\/p>\n<p><strong><em>Scuola dei Valori<\/em><\/strong><\/p>\n<p><strong>Seminario di formazione politica IdV<\/strong><\/p>\n<p><strong><em>Merito, eccellenza, etica ed impegno<br \/>\ncivile<\/em><\/strong><\/p>\n<p><strong><em>\u00a0<\/em><\/strong><\/p>\n<p><strong>Spoleto 20-22 luglio 2012<\/strong><\/p>\n<p><strong>Casa di ospitalit\u00e0 San Ponziano<\/strong><\/p>\n<\/div>\n<p><strong><a href=\"http:\/\/www.sanponziano.it\">www.sanponziano.it<\/a><br clear=\"all\" \/><br \/>\n<\/strong><\/p>\n<p>&nbsp;<\/p>\n<p>Dal 20 al 22 luglio 2012 si terr\u00e0 a Spoleto<br \/>\n(PG) una master class di formazione politica per attivisti, iscritti e<br \/>\naspiranti candidati IdV. Ai lavori parteciperanno come formatori gli onn.<br \/>\nAntonio Borghesi, Stefano Pedica e Elio Lannutti che illustreranno tra l&#8217;altro<br \/>\nil programma di governo di IdV per le prossime elezioni politiche del 2013.<br \/>\nObiettivo del seminario \u00e8 la formazione di candidati e attivisti (scuola di<br \/>\npolitica).<\/p>\n<p>&nbsp;<\/p>\n<p>L\u2019incontro \u00e8 promosso e curato dalle sezioni IdV di Amelia e Terni. Coordinatori del progetto sono Tommaso Filidei, Giuseppe Laudi, Alessandra Ruffini e Luca Ghista, che ricoprono funzioni dirigenziali nella struttura del partito a livello locale. La progettazione formativa \u00e8 di Silvia Terribili, referente IdV per i Paesi Bassi e per due volte candidata<br \/>\nalle elezioni politiche per la circoscrizione Europa (pi\u00f9 di 1000 preferenze spalmate<br \/>\nin tutta Europa in entrambe le consultazioni elettorali)<\/p>\n<p>Durante i lavori verr\u00e0 presentato il programma di governo di IdV e in particolare si discuter\u00e0 della diversit\u00e0 di IdV\u00a0: valori etici condivisibili e non negoziabili. Altri temi saranno l\u2019Europa che non c\u2019\u00e8, la crisi dei debiti privati degli operatori finanziari che ha<br \/>\nprovocato la crisi dei debiti pubblici e l\u2019 introduzione della Tobin Tax (tassa<br \/>\nsulle transazioni finanziarie) a livello europeo.<\/p>\n<p>L\u2019on. Borghesi illustrer\u00e0 le proposte per una manovra di finanza pubblica 2012-2015 che contiene la riduzione dei costi della politica e delle spese ordinarie delle Pubbliche Amministrazioni, misure fiscali, l\u2019azzeramento del deficit entro l\u2019anno 2014, la riduzione carichi fiscali che pesano sulle imprese e le famiglie e la\u00a0riduzione dello stock del debito in 4 anni di 95 miliardi di euro. L\u2019on. Lannutti ci parler\u00e0 tra l\u2019altro dell\u2019ESM, della situazione<br \/>\neeconomica mondiale e ruolo della finanza, dei derivati OTC, delle banche di<br \/>\naffari e delle agenzie di rating, dell\u2019oligarchia finanziaria che sta<br \/>\ndiventando padrona dell\u2019universo e l\u2019on. Pedica ci parler\u00e0 della problematica<br \/>\ndei rifiuti e ragioneremo su un programma volto a realizzare a livello locale il<br \/>\nmassimo della differenziata e del compostaggio dei rifiuti organici verso<br \/>\nl\u2019obiettivo rifiuti zero.<\/p>\n<p>Nella giornata di domenica si discuter\u00e0 sui progetti per Terni e Amelia e sulla preparazione della ormai prossima campagna elettorale in cui IDV deve puntare a un grande risultato elettorale, a riconquistare al voto quel 45% di elettori che si astiene\u00a0e perch\u00e9 no alla partecipazione al prossimo governo.<\/p>\n<p>Domenica pomeriggio \u00e8 prevista la discussione sulle proposte di coordinatori, referenti e attivisti di IdV su diversi temi tra cui la proposta di primarie interne di IdV volte a ridare alla base degli iscritti la facolt\u00e0 di candidare, candidarsi e decidere l\u2019ordine di lista.<\/p>\n<p>Ci si occuper\u00e0 inoltre di delineare una proposta di profilo ideale del candidato di Idv quali devono essere le sue competenze, di cosa si deve occupare, cosa deve studiare e imparare, come deve essere reclutato e si ragioner\u00e0 sull\u2019organizzazione di Idv, situazione attuale, e proposte per il futuro.<\/p>\n<p>&nbsp;<\/p>\n<p>Coordinamento Terni<\/p>\n<p>Contattare\u00a0:<\/p>\n<p><a href=\"mailto:alessandraruffini@gmail.com\">alessandraruffini@gmail.com<\/a><\/p>\n<p>&nbsp;<\/p>\n<p>Coordinamento Amelia<\/p>\n<p>Contattare\u00a0:<\/p>\n<p><a href=\"mailto:lucaghista@libero.it\">lucaghista@libero.it<\/a><\/p>\n<p>&nbsp;<\/p>\n<p>Coordinamento generale progetto\u00a0:<\/p>\n<p><a href=\"mailto:idv.olanda@gmail.com\">idv.olanda@gmail.com<\/a><\/p>\n<p><a href=\"http:\/\/www.silviaterribili.org\">www.silviaterribili.org<\/a><\/p>\n<p><a href=\"http:\/\/www.youtube.com\/idvolanda\">www.youtube.com\/idvolanda<\/a><\/p>\n","protected":false},"excerpt":{"rendered":"<p>&nbsp; Scuola dei Valori Seminario di formazione politica IdV Merito, eccellenza, etica ed impegno civile \u00a0 Spoleto 20-22 luglio 2012 Casa di ospitalit\u00e0 San Ponziano www.sanponziano.it &nbsp; Dal 20 al 22 luglio 2012 si terr\u00e0 a Spoleto (PG) una master &hellip; <a href=\"https:\/\/silviaterribili.org\/?p=278\">Continue reading <span class=\"meta-nav\">&rarr;<\/span><\/a><\/p>\n","protected":false},"author":2,"featured_media":0,"comment_status":"open","ping_status":"open","sticky":false,"template":"","format":"standard","meta":{"footnotes":""},"categories":[522],"tags":[442,485,525,461,528,527,23,526,523,25,524],"class_list":["post-278","post","type-post","status-publish","format-standard","hentry","category-formazione-politica-2","tag-antonio-borghesi","tag-capitalismo-democratico","tag-elio-lannnutti","tag-esm","tag-idv-amelia","tag-idv-terni","tag-italia-dei-valori","tag-raccolta-differenziata","tag-scuola-di-formazione-politica","tag-silvia-terribili","tag-stefano-pedica"],"_links":{"self":[{"href":"https:\/\/silviaterribili.org\/index.php?rest_route=\/wp\/v2\/posts\/278","targetHints":{"allow":["GET"]}}],"collection":[{"href":"https:\/\/silviaterribili.org\/index.php?rest_route=\/wp\/v2\/posts"}],"about":[{"href":"https:\/\/silviaterribili.org\/index.php?rest_route=\/wp\/v2\/types\/post"}],"author":[{"embeddable":true,"href":"https:\/\/silviaterribili.org\/index.php?rest_route=\/wp\/v2\/users\/2"}],"replies":[{"embeddable":true,"href":"https:\/\/silviaterribili.org\/index.php?rest_route=%2Fwp%2Fv2%2Fcomments&post=278"}],"version-history":[{"count":6,"href":"https:\/\/silviaterribili.org\/index.php?rest_route=\/wp\/v2\/posts\/278\/revisions"}],"predecessor-version":[{"id":286,"href":"https:\/\/silviaterribili.org\/index.php?rest_route=\/wp\/v2\/posts\/278\/revisions\/286"}],"wp:attachment":[{"href":"https:\/\/silviaterribili.org\/index.php?rest_route=%2Fwp%2Fv2%2Fmedia&parent=278"}],"wp:term":[{"taxonomy":"category","embeddable":true,"href":"https:\/\/silviaterribili.org\/index.php?rest_route=%2Fwp%2Fv2%2Fcategories&post=278"},{"taxonomy":"post_tag","embeddable":true,"href":"https:\/\/silviaterribili.org\/index.php?rest_route=%2Fwp%2Fv2%2Ftags&post=278"}],"curies":[{"name":"wp","href":"https:\/\/api.w.org\/{rel}","templated":true}]}}