{"id":25,"date":"2009-04-13T00:29:43","date_gmt":"2009-04-12T23:29:43","guid":{"rendered":"http:\/\/silviaterribili.org\/blog\/wordpress\/?p=25"},"modified":"2009-04-13T00:29:43","modified_gmt":"2009-04-12T23:29:43","slug":"intervista-con-hans-van-baalen-capolista-vvd-in-europa","status":"publish","type":"post","link":"https:\/\/silviaterribili.org\/?p=25","title":{"rendered":"Intervista con Hans van Baalen, capolista VVD in Europa"},"content":{"rendered":"<p><span lang=\"EN-US\"><font face=\"Times New Roman\">L\u201911 aprile 2009 a Hoogkarspel nei <span>\u00a0<\/span>Paesi Bassi <o:p><\/o:p><\/font><\/span><span lang=\"NL\"><font face=\"Times New Roman\">ho intervistato <span>\u00a0<\/span>Hans van Baalen<o:p><\/o:p><\/font><\/span><span lang=\"NL\"><font face=\"Times New Roman\">parlamentare olandese<o:p><\/o:p><\/font><\/span><span lang=\"NL\"><font face=\"Times New Roman\">capolista del VVD (partito per la Libert\u00e0 e la Democrazia) alle prossime elezioni europee<o:p><\/o:p><\/font><\/span><span lang=\"NL\"><font face=\"Times New Roman\">\u00a0<o:p><\/o:p><\/font><\/span><span lang=\"NL\"><font face=\"Times New Roman\">il video dell\u2019intervista in olandese si trova su<o:p><\/o:p><\/font><\/span><span lang=\"NL\"><font face=\"Times New Roman\">\u00a0<o:p><\/o:p><\/font><\/span><span lang=\"EN-US\"><a href=\"http:\/\/www.youtube.com\/watch?v=3K0iDWKlGpk\"><span lang=\"NL\"><font color=\"#800080\" face=\"Times New Roman\">http:\/\/www.youtube.com\/watch?v=3K0iDWKlGpk<\/font><\/span><\/a><\/span><span lang=\"NL\"><o:p><\/o:p><\/span><span lang=\"NL\"><font face=\"Times New Roman\">\u00a0<o:p><\/o:p><\/font><\/span><span lang=\"EN-US\"><font face=\"Times New Roman\">Questa \u00e8 la traduzione completa dell\u2019intervista<o:p><\/o:p><\/font><\/span><span lang=\"EN-US\"><font face=\"Times New Roman\">\u00a0<o:p><\/o:p><\/font><\/span><span lang=\"EN-US\"><font face=\"Times New Roman\">\u00a0<o:p><\/o:p><\/font><\/span><span lang=\"NL\"><font face=\"Times New Roman\">Domanda:<o:p><\/o:p><\/font><\/span><\/p>\n<h1 style=\"margin: 0cm 0cm 0pt\"><v:shapetype coordsize=\"21600,21600\" o:spt=\"75\" o:preferrelative=\"t\" path=\"m@4@5l@4@11@9@11@9@5xe\" filled=\"f\" stroked=\"f\" id=\"_x0000_t75\"><v:stroke joinstyle=\"miter\"><\/v:stroke><v:formulas><v:f eqn=\"if lineDrawn pixelLineWidth 0\"><\/v:f><v:f eqn=\"sum @0 1 0\"><\/v:f><v:f eqn=\"sum 0 0 @1\"><\/v:f><v:f eqn=\"prod @2 1 2\"><\/v:f><v:f eqn=\"prod @3 21600 pixelWidth\"><\/v:f><v:f eqn=\"prod @3 21600 pixelHeight\"><\/v:f><v:f eqn=\"sum @0 0 1\"><\/v:f><v:f eqn=\"prod @6 1 2\"><\/v:f><v:f eqn=\"prod @7 21600 pixelWidth\"><\/v:f><v:f eqn=\"sum @8 21600 0\"><\/v:f><v:f eqn=\"prod @7 21600 pixelHeight\"><\/v:f><v:f eqn=\"sum @10 21600 0\"><\/v:f><\/v:formulas><v:path o:extrusionok=\"f\" gradientshapeok=\"t\" o:connecttype=\"rect\"><\/v:path><o:lock v:ext=\"edit\" aspectratio=\"t\"><\/o:lock><\/v:shapetype><v:shape type=\"#_x0000_t75\" filled=\"t\" style=\"margin-top: -492.35pt; z-index: 1; margin-left: 0px; width: 449.95pt; position: absolute; height: 289.45pt\" id=\"_x0000_s1026\"><font face=\"Times New Roman\"><v:fill color2=\"black\"><\/v:fill><v:imagedata src=\"file:\/\/\/C:\/DOCUME~1\/Silvia\/LOCALS~1\/Temp\/msoclip1\/04\/clip_image001.jpg\"><\/v:imagedata><v:textbox inset=\"0,0,0,0\"><\/v:textbox><w:wrap type=\"square\"><\/w:wrap><\/font><\/v:shape><span style=\"font-weight: normal\" lang=\"EN-US\"><font size=\"3\"><font face=\"Times New Roman\">Quali sono le priorit\u00e0 del VVD (partito per la libert\u00e0 e la democrazia) in Europa?<o:p><\/o:p><\/font><\/font><\/span><\/h1>\n<p><span lang=\"EN-US\"><font face=\"Times New Roman\">Innanzitutto il libero scambio<o:p><\/o:p><\/font><\/span><span lang=\"EN-US\"><font face=\"Times New Roman\">L\u2019Olanda \u00e8 un paese di scambi commerciali, anche l\u2019Italia e altri paesi lo sono.<o:p><\/o:p><\/font><\/span><span lang=\"EN-US\"><font face=\"Times New Roman\">Il libero mercato deve essere mantenuto<o:p><\/o:p><\/font><\/span><span lang=\"EN-US\"><font face=\"Times New Roman\">Siamo contrari al protezionismo e al controllo politico<o:p><\/o:p><\/font><\/span><span lang=\"EN-US\"><font face=\"Times New Roman\">Naturalmente deve esserci un controllo indipendente sui mercati finanziari<o:p><\/o:p><\/font><\/span><span lang=\"EN-US\"><font face=\"Times New Roman\">Ma in ogni caso dobbiamo tenere aperto il mercato libero.<o:p><\/o:p><\/font><\/span><span lang=\"EN-US\"><font face=\"Times New Roman\">Il libero mercato richiede confini aperti<o:p><\/o:p><\/font><\/span><span lang=\"EN-US\"><font face=\"Times New Roman\">Anche i criminali lo sanno, e infatti vediamo che <o:p><\/o:p><\/font><\/span><span lang=\"EN-US\"><font face=\"Times New Roman\">la criminalit\u00e0 opera a livello europeo. Ma non la polizia e la giustizia <o:p><\/o:p><\/font><\/span><span lang=\"EN-US\"><font face=\"Times New Roman\">Chiediamo una pi\u00f9 stretta collaborazione tra polizia, giustizia e servizi di immigrazione dei paesi membri<o:p><\/o:p><\/font><\/span><span lang=\"EN-US\"><font face=\"Times New Roman\">Libert\u00e0 di scambio e sicurezza <o:p><\/o:p><\/font><\/span><span lang=\"EN-US\"><font face=\"Times New Roman\">questi due argomenti sono molto importanti per il VVD<o:p><\/o:p><\/font><\/span><span lang=\"EN-US\"><font face=\"Times New Roman\">\u00a0<o:p><\/o:p><\/font><\/span><span lang=\"EN-US\"><font face=\"Times New Roman\">Domanda:<o:p><\/o:p><\/font><\/span><span lang=\"EN-US\"><font face=\"Times New Roman\">La societ\u00e0 EDF (Electricit\u00e8 de France, il maggiore produttore mondiale di elettricit\u00e0<span>\u00a0 <\/span>da nucleare con 58 impianti in Francia n.d.r.) ha chiesto al proprio governo di ridurre il target dell\u2019elettricit\u00e0 da fonti eoliche del 35% nel 202 al 20% per non ostacolare lo sviluppo del nucleare. Che ne pensa?<o:p><\/o:p><\/font><\/span><span lang=\"EN-US\"><font face=\"Times New Roman\">\u00a0<o:p><\/o:p><\/font><\/span><span lang=\"EN-US\"><font face=\"Times New Roman\">Risposta:<o:p><\/o:p><\/font><\/span><span lang=\"EN-US\"><font face=\"Times New Roman\">Se vogliamo passare dalla produzione di elettricit\u00e0 dalle fonti tradizionali come petrolio e gas alle rinnovabili <o:p><\/o:p><\/font><\/span><span lang=\"EN-US\"><font face=\"Times New Roman\">abbiamo assolutamente bisogno di <o:p><\/o:p><\/font><\/span><span lang=\"EN-US\"><font face=\"Times New Roman\">energia nucleare nel medio temine<o:p><\/o:p><\/font><\/span><span lang=\"EN-US\"><font face=\"Times New Roman\">nel nucleare dobbiamo investire<o:p><\/o:p><\/font><\/span><span lang=\"EN-US\"><font face=\"Times New Roman\">certo dobbiamo anche promuovere le rinnovabili, ma per il periodo di transizione <o:p><\/o:p><\/font><\/span><span lang=\"EN-US\"><font face=\"Times New Roman\">l\u2019energia nucleare \u00e8 inevitabile<o:p><\/o:p><\/font><\/span><span lang=\"EN-US\"><font face=\"Times New Roman\">\u00a0<o:p><\/o:p><\/font><\/span><span lang=\"EN-US\"><font face=\"Times New Roman\">Domanda:<o:p><\/o:p><\/font><\/span><span lang=\"EN-US\"><font face=\"Times New Roman\">Ma la EdF chiede al governo di ridurre il target previsto per l\u2019eolico a breve termine\u2026..<o:p><\/o:p><\/font><\/span><span lang=\"EN-US\"><font face=\"Times New Roman\">\u00a0<o:p><\/o:p><\/font><\/span><span lang=\"EN-US\"><font face=\"Times New Roman\">Risposta:<o:p><\/o:p><\/font><\/span><span lang=\"EN-US\"><font face=\"Times New Roman\">Viviamo in un paese con molto vento, tutto quello che possiamo fare per promuovere l\u2019energia eolica, dobbiamo farlo.<o:p><\/o:p><\/font><\/span><span lang=\"EN-US\"><font face=\"Times New Roman\">\u00a0<o:p><\/o:p><\/font><\/span><span lang=\"EN-US\"><font face=\"Times New Roman\">Domanda:<o:p><\/o:p><\/font><\/span><span lang=\"EN-US\"><font face=\"Times New Roman\">Che pensa di Berlusconi e della sua politica dei media?<o:p><\/o:p><\/font><\/span><span lang=\"EN-US\"><font face=\"Times New Roman\">\u00a0<o:p><\/o:p><\/font><\/span><span lang=\"EN-US\"><font face=\"Times New Roman\">Risposta:<o:p><\/o:p><\/font><\/span><span lang=\"EN-US\"><font face=\"Times New Roman\">Penso che non mostri rispetto nei confronti del cancelliere Merkel, lo ha dimostrato durante l\u2019ultimo vertice<o:p><\/o:p><\/font><\/span><span lang=\"EN-US\"><font face=\"Times New Roman\">\u00a0<o:p><\/o:p><\/font><\/span><span lang=\"EN-US\"><font face=\"Times New Roman\">E\u2019un po\u2019un buffone<o:p><\/o:p><\/font><\/span><span lang=\"EN-US\"><font face=\"Times New Roman\">\u00a0<o:p><\/o:p><\/font><\/span><span lang=\"EN-US\"><font face=\"Times New Roman\">Detiene una specie di monopolio sui media italiani<o:p><\/o:p><\/font><\/span><span lang=\"EN-US\"><font face=\"Times New Roman\">\u00a0<o:p><\/o:p><\/font><\/span><span lang=\"EN-US\"><font face=\"Times New Roman\">Esercita un\u2019influenza enorme, anche perch\u00e9 \u00e8 il proprietario di tutti i media<o:p><\/o:p><\/font><\/span><span lang=\"EN-US\"><font face=\"Times New Roman\">\u00a0<o:p><\/o:p><\/font><\/span><span lang=\"EN-US\"><font face=\"Times New Roman\">Penso che non vada bene per l\u2019Italia, ma sono gli italiani che devono fare qualcosa.<o:p><\/o:p><\/font><\/span><span lang=\"EN-US\"><font face=\"Times New Roman\">\u00a0<o:p><\/o:p><\/font><\/span><span lang=\"EN-US\"><font face=\"Times New Roman\">\u00a0<o:p><\/o:p><\/font><\/span><span lang=\"EN-US\"><font face=\"Times New Roman\">Domanda: <o:p><\/o:p><\/font><\/span><span lang=\"EN-US\"><font face=\"Times New Roman\">Sa che Berlusconi ha fondato il proprio partito PDL insieme a Marcello Dell\u2019Utri e Vittorio Mangano entrambi condannati per legami con la mafia?<o:p><\/o:p><\/font><\/span><span lang=\"EN-US\"><font face=\"Times New Roman\">\u00a0<o:p><\/o:p><\/font><\/span><span lang=\"EN-US\"><font face=\"Times New Roman\">Non teme che la mafia crei problemi anche in Europa?<o:p><\/o:p><\/font><\/span><span lang=\"NL\"><font face=\"Times New Roman\">\u00a0<o:p><\/o:p><\/font><\/span><span lang=\"EN-US\"><font face=\"Times New Roman\">Risposta<o:p><\/o:p><\/font><\/span><span lang=\"EN-US\"><font face=\"Times New Roman\">La mafia: ci sono vari tipi di mafia in tutti i paesi.<o:p><\/o:p><\/font><\/span><span lang=\"NL\"><font face=\"Times New Roman\">La mafia \u00e8 un grande problema europo<o:p><\/o:p><\/font><\/span><span lang=\"NL\"><font face=\"Times New Roman\">\u00a0<o:p><\/o:p><\/font><\/span><span lang=\"EN-US\"><font face=\"Times New Roman\">I criminali operano insieme <o:p><\/o:p><\/font><\/span><span lang=\"EN-US\"><font face=\"Times New Roman\">I paesi europei devono collaborare insieme per affrontare la criminalit\u00e0 e la mafia<o:p><\/o:p><\/font><\/span><span lang=\"EN-US\"><font face=\"Times New Roman\">\u00a0<o:p><\/o:p><\/font><\/span><span lang=\"EN-US\"><font face=\"Times New Roman\">\u00a0<o:p><\/o:p><\/font><\/span><span lang=\"EN-US\"><font face=\"Times New Roman\">\u00a0<o:p><\/o:p><\/font><\/span><span lang=\"EN-US\"><font face=\"Times New Roman\">\u00a0<o:p><\/o:p><\/font><\/span><span lang=\"EN-US\"><font face=\"Times New Roman\">\u00a0<o:p><\/o:p><\/font><\/span><span lang=\"EN-US\"><font face=\"Times New Roman\">La giustizia italiana deve indagare sui politici che hanno legami con la criminalit\u00e0 e<o:p><\/o:p><\/font><\/span><span lang=\"EN-US\"><font face=\"Times New Roman\">in quel caso portarli di fronte al giudici<o:p><\/o:p><\/font><\/span><span lang=\"EN-US\"><font face=\"Times New Roman\">\u00a0<o:p><\/o:p><\/font><\/span><span lang=\"EN-US\"><font face=\"Times New Roman\">Domanda:<o:p><\/o:p><\/font><\/span><span lang=\"EN-US\"><font face=\"Times New Roman\">I consumatori sono contro la privatizzazione dei servizi,<span>\u00a0 <\/span>energia, acqua, trasporti. Lei cosa ne pensa?<o:p><\/o:p><\/font><\/span><span lang=\"EN-US\"><font face=\"Times New Roman\">\u00a0<o:p><\/o:p><\/font><\/span><span lang=\"EN-US\"><font face=\"Times New Roman\">Risposta:<o:p><\/o:p><\/font><\/span><span lang=\"EN-US\"><font face=\"Times New Roman\">Lo Stato deve garantire i servizi, acqua gas e elettricit\u00e0, ma non deve necessariamente organizzare tutto. La privatizzazione non \u00e8 il problema, se lo stato<span>\u00a0 <\/span>garantisce la disponibilit\u00e0 di gas e elettricit\u00e0.<o:p><\/o:p><\/font><\/span><span lang=\"EN-US\"><font face=\"Times New Roman\"><span>\u00a0<\/span><o:p><\/o:p><\/font><\/span><span lang=\"EN-US\"><font face=\"Times New Roman\">Non sono a favore della privatizzazione dell\u2019acqua. In Inghilterra abbiamo visto che non<span>\u00a0 <\/span>funziona per niente. <o:p><\/o:p><\/font><\/span><span lang=\"EN-US\"><font face=\"Times New Roman\">\u00a0<o:p><\/o:p><\/font><\/span><span lang=\"EN-US\"><font face=\"Times New Roman\">Le societ\u00e0 di gestione ad esempio sono carenti nella manutenzione della rete idrica.<o:p><\/o:p><\/font><\/span><span lang=\"EN-US\"><font face=\"Times New Roman\">\u00a0<o:p><\/o:p><\/font><\/span><span lang=\"EN-US\"><font face=\"Times New Roman\">Per l\u2019elettricit\u00e0<span>\u00a0 <\/span>e il gas la privatizzazione va bene<o:p><\/o:p><\/font><\/span><span lang=\"EN-US\"><font face=\"Times New Roman\">\u00a0<o:p><\/o:p><\/font><\/span><span lang=\"EN-US\"><font face=\"Times New Roman\">\u00a0<o:p><\/o:p><\/font><\/span><span lang=\"EN-US\"><font face=\"Times New Roman\">\u00a0<o:p><\/o:p><\/font><\/span><span lang=\"EN-US\"><font face=\"Times New Roman\">Domanda:<o:p><\/o:p><\/font><\/span><span lang=\"EN-US\"><font face=\"Times New Roman\">La crisi dei crediti ha mostrato il volto disumano del capitalismo.<o:p><\/o:p><\/font><\/span><span lang=\"EN-US\"><font face=\"Times New Roman\">Il mercato non \u00e8 in grado di autoregolarsi, quali soluzioni propone il VVD al caos dei mercati?<o:p><\/o:p><\/font><\/span><span lang=\"EN-US\"><font face=\"Times New Roman\">\u00a0<o:p><\/o:p><\/font><\/span><span lang=\"EN-US\"><font face=\"Times New Roman\">Risposta:<o:p><\/o:p><\/font><\/span><span lang=\"EN-US\"><font face=\"Times New Roman\">Il libero mercato e il capitalismo sono alla base del nostro benessere<o:p><\/o:p><\/font><\/span><span lang=\"EN-US\"><font face=\"Times New Roman\">Il problema non \u00e8 il libero mercato ma il controllo insufficiente, l\u2019avidit\u00e0, l\u2019illegalit\u00e0<o:p><\/o:p><\/font><\/span><span lang=\"EN-US\"><font face=\"Times New Roman\">\u00a0<o:p><\/o:p><\/font><\/span><span lang=\"EN-US\"><font face=\"Times New Roman\">Ci vuole un maggiore e migliore controllo indipendente dei mercati finanziari<o:p><\/o:p><\/font><\/span><span lang=\"EN-US\"><font face=\"Times New Roman\">\u00a0<o:p><\/o:p><\/font><\/span><span lang=\"EN-US\"><font face=\"Times New Roman\">Anche a livello europeo, il controllo indipendente \u00e8 quello che ci vuole.<o:p><\/o:p><\/font><\/span><span lang=\"EN-US\"><font face=\"Times New Roman\">\u00a0<o:p><\/o:p><\/font><\/span><span lang=\"EN-US\"><font face=\"Times New Roman\">\u00a0<o:p><\/o:p><\/font><\/span><span lang=\"EN-US\"><font face=\"Times New Roman\">\u00a0<o:p><\/o:p><\/font><\/span><span lang=\"EN-US\"><font face=\"Times New Roman\">Domanda:<o:p><\/o:p><\/font><\/span><span lang=\"EN-US\"><font face=\"Times New Roman\">I consumatori sono contro l\u2019introduzione degli OGM tra l\u2019altro perch\u00e9 il loro utilizzo pu\u00f2 causare la contaminazione accidentale dei prodotti di qualit\u00e0 biologica<o:p><\/o:p><\/font><\/span><span lang=\"EN-US\"><font face=\"Times New Roman\">(una curiosit\u00e0: la mensa del Senato italiano offre biologici e rigorosamente privi di OGM n.d.r.)<o:p><\/o:p><\/font><\/span><span lang=\"EN-US\"><font face=\"Times New Roman\">\u00a0<o:p><\/o:p><\/font><\/span><span lang=\"EN-US\"><font face=\"Times New Roman\">Risposta:<o:p><\/o:p><\/font><\/span><span lang=\"EN-US\"><font face=\"Times New Roman\">Possiamo promuovere la manipolazione genetica perch\u00e9 ci d\u00e0 la possibilit\u00e0 di avere cibi migliori e pi\u00f9 in abbondanza. Naturalmente dobbiamo vedere quali sono i problemi.<o:p><\/o:p><\/font><\/span><span lang=\"EN-US\"><font face=\"Times New Roman\">\u00a0<o:p><\/o:p><\/font><\/span><span lang=\"EN-US\"><font face=\"Times New Roman\">Non abbiamo preclusioni di fondo contro gli Ogm, tuttavia riteniamo che il consumatore deve poter scegliere, deve poter leggere sul barattolo e scegliere se quel prodotto lo vuole o no.<o:p><\/o:p><\/font><\/span><span lang=\"EN-US\"><font face=\"Times New Roman\">\u00a0<o:p><\/o:p><\/font><\/span><span lang=\"EN-US\"><font face=\"Times New Roman\">\u00a0<o:p><\/o:p><\/font><\/span><span lang=\"EN-US\"><font face=\"Times New Roman\">\u00a0<o:p><\/o:p><\/font><\/span><span lang=\"EN-US\"><font face=\"Times New Roman\">Domanda:<o:p><\/o:p><\/font><\/span><span lang=\"EN-US\"><font face=\"Times New Roman\">Perch\u00e9 il trasporto su rotaia nelle medie distanze in Europa \u00e8 molto pi\u00f9 costoso di quello aereo?<o:p><\/o:p><\/font><\/span><span lang=\"EN-US\"><font face=\"Times New Roman\">\u00a0<o:p><\/o:p><\/font><\/span><span lang=\"EN-US\"><font face=\"Times New Roman\">I treni spesso non sono molto efficienti, la maggior parte delle compagnie di trasporto aereo sono molto pi\u00f9 efficienti.<o:p><\/o:p><\/font><\/span><span lang=\"EN-US\"><font face=\"Times New Roman\">\u00a0<o:p><\/o:p><\/font><\/span><span lang=\"EN-US\"><font face=\"Times New Roman\">Io mi muovo molto con i mezzi pubblici l\u2019autobus, il tram, il treno.<o:p><\/o:p><\/font><\/span><span lang=\"EN-US\"><font face=\"Times New Roman\">Preferirei che viaggiassimo molto di pi\u00f9 con i mezzi pubblici perch\u00e9<o:p><\/o:p><\/font><\/span><span lang=\"EN-US\"><font face=\"Times New Roman\">sono meno dannosi per l\u2019ambiente.<o:p><\/o:p><\/font><\/span><span lang=\"EN-US\"><font face=\"Times New Roman\">\u00a0<o:p><\/o:p><\/font><\/span><span lang=\"EN-US\"><font face=\"Times New Roman\">Non sono un grande sostenitore della privatizzazione dei trasporti.<o:p><\/o:p><\/font><\/span><span lang=\"EN-US\"><font face=\"Times New Roman\">\u00a0<o:p><\/o:p><\/font><\/span><span lang=\"EN-US\"><font face=\"Times New Roman\">Chiediamo un modello di trasporti pubblici efficiente, pulito e di qualit\u00e0<o:p><\/o:p><\/font><\/span><span lang=\"EN-US\"><font face=\"Times New Roman\">\u00a0<o:p><\/o:p><\/font><\/span><span lang=\"EN-US\"><font face=\"Times New Roman\">\u00a0<o:p><\/o:p><\/font><\/span><span lang=\"EN-US\"><font face=\"Times New Roman\">\u00a0<o:p><\/o:p><\/font><\/span><span lang=\"EN-US\"><font face=\"Times New Roman\">\u00a0<o:p><\/o:p><\/font><\/span><span lang=\"EN-US\"><font face=\"Times New Roman\">Domanda:<o:p><\/o:p><\/font><\/span><span lang=\"EN-US\"><font face=\"Times New Roman\">Perch\u00e9 in Olanda non si installano pannelli solari su tutti i tetti piatti?<o:p><\/o:p><\/font><\/span><span lang=\"EN-US\"><font face=\"Times New Roman\">Perch\u00e9 l\u2019installazione di pannelli solari viene ostacolata dalla burocrazia?<o:p><\/o:p><\/font><\/span><span lang=\"EN-US\"><font face=\"Times New Roman\">\u00a0<o:p><\/o:p><\/font><\/span><span lang=\"EN-US\"><font face=\"Times New Roman\">Risposta<o:p><\/o:p><\/font><\/span><span lang=\"EN-US\"><font face=\"Times New Roman\">Abbiamo meno sole dell\u2019Italia, da noi funziona meno. <o:p><\/o:p><\/font><\/span><span lang=\"EN-US\"><font face=\"Times New Roman\">\u00a0<o:p><\/o:p><\/font><\/span><span lang=\"EN-US\"><font face=\"Times New Roman\">In questo momento il solare \u00e8 molto costoso.<o:p><\/o:p><\/font><\/span><span lang=\"EN-US\"><font face=\"Times New Roman\">\u00a0<o:p><\/o:p><\/font><\/span><span lang=\"EN-US\"><font face=\"Times New Roman\">Il vento e le maree si adattano meglio alla situazione olandese.<o:p><\/o:p><\/font><\/span><span lang=\"EN-US\"><font face=\"Times New Roman\">\u00a0<o:p><\/o:p><\/font><\/span><span lang=\"EN-US\"><font face=\"Times New Roman\">Tutte le energie rinnovabili prima o poi devono essere competitive, ma io voglio in ogni caso promuovere le energie rinnovabili<o:p><\/o:p><\/font><\/span><span lang=\"EN-US\"><font face=\"Times New Roman\">\u00a0<o:p><\/o:p><\/font><\/span><span lang=\"EN-US\"><font face=\"Times New Roman\">\u00a0<o:p><\/o:p><\/font><\/span><span lang=\"EN-US\"><font face=\"Times New Roman\">\u00a0<o:p><\/o:p><\/font><\/span><span lang=\"EN-US\"><font face=\"Times New Roman\">Domanda:<o:p><\/o:p><\/font><\/span><span lang=\"EN-US\"><font face=\"Times New Roman\">Nel gruppo ELDR di cui il VVD fa parte ci sono anche<o:p><\/o:p><\/font><\/span><span lang=\"EN-US\"><font face=\"Times New Roman\">Di Pietro, il magistrato di Mani Pulite<span>\u00a0 <\/span>e Luigi De Magistris, capolista, magistrato che lotta contro la corruzione.<o:p><\/o:p><\/font><\/span><span lang=\"EN-US\"><font face=\"Times New Roman\">\u00a0<o:p><\/o:p><\/font><\/span><span lang=\"EN-US\"><font face=\"Times New Roman\">Secondo lei in Italia come si pu\u00f2 combattere la corruzione il berlusconismo? <o:p><\/o:p><\/font><\/span><span lang=\"EN-US\"><font face=\"Times New Roman\">\u00a0<o:p><\/o:p><\/font><\/span><span lang=\"EN-US\"><font face=\"Times New Roman\">Risposta:<o:p><\/o:p><\/font><\/span><span lang=\"EN-US\"><font face=\"Times New Roman\">Gli elettori stessi devono eleggere politici onesti e puliti<o:p><\/o:p><\/font><\/span><span lang=\"EN-US\"><font face=\"Times New Roman\">\u00a0<o:p><\/o:p><\/font><\/span><span lang=\"EN-US\"><font face=\"Times New Roman\">I liberali sono politici onesti e puliti<o:p><\/o:p><\/font><\/span><span lang=\"EN-US\"><font face=\"Times New Roman\">\u00a0<o:p><\/o:p><\/font><\/span><span lang=\"EN-US\"><font face=\"Times New Roman\">La giustizia deve fare il suo dovere.<o:p><\/o:p><\/font><\/span><span lang=\"EN-US\"><font face=\"Times New Roman\">\u00a0<o:p><\/o:p><\/font><\/span><span lang=\"EN-US\"><font face=\"Times New Roman\">Soprattuto il pubblico deve smettere di farsi ingannare dai politici con le doppie agende e i doppi interessi<o:p><\/o:p><\/font><\/span><span lang=\"EN-US\"><font face=\"Times New Roman\">\u00a0<o:p><\/o:p><\/font><\/span><span lang=\"EN-US\"><font face=\"Times New Roman\">Mi fido molto degli elettori italiani<o:p><\/o:p><\/font><\/span><span lang=\"EN-US\"><font face=\"Times New Roman\">Ci auguriamo di avere un forte gruppo liberale nel Parlamento europeo<o:p><\/o:p><\/font><\/span><span lang=\"EN-US\"><font face=\"Times New Roman\">\u00a0<o:p><\/o:p><\/font><\/span><span lang=\"NL\"><font face=\"Times New Roman\">Domanda:<o:p><\/o:p><\/font><\/span><font face=\"Times New Roman\"><span lang=\"NL\">C<\/span><span lang=\"EN-US\">he pensa di Berlusconi?<o:p><\/o:p><\/span><\/font><span lang=\"EN-US\"><font face=\"Times New Roman\">\u00a0<o:p><\/o:p><\/font><\/span><span lang=\"EN-US\"><font face=\"Times New Roman\">Risposta:<o:p><\/o:p><\/font><\/span><span lang=\"EN-US\"><font face=\"Times New Roman\">E\u2019un birbante, diciamo noi,<span>\u00a0 <\/span>per dirla in modo gentile<o:p><\/o:p><\/font><\/span><span lang=\"EN-US\"><font face=\"Times New Roman\"><span>\u00a0<\/span><o:p><\/o:p><\/font><\/span><span lang=\"EN-US\"><font face=\"Times New Roman\">Domanda<o:p><\/o:p><\/font><\/span><span lang=\"EN-US\"><font face=\"Times New Roman\">E in modo meno gentile?<o:p><\/o:p><\/font><\/span><span lang=\"EN-US\"><font face=\"Times New Roman\">\u00a0<o:p><\/o:p><\/font><\/span><span lang=\"EN-US\"><font face=\"Times New Roman\">Risposta:<o:p><\/o:p><\/font><\/span><span lang=\"EN-US\"><font face=\"Times New Roman\">Berlusconi \u00e8 un premier non affidabile<o:p><\/o:p><\/font><\/span><span lang=\"EN-US\"><font face=\"Times New Roman\">\u00a0<o:p><\/o:p><\/font><\/span><span lang=\"EN-US\"><font face=\"Times New Roman\">\u00a0<o:p><\/o:p><\/font><\/span><\/p>\n","protected":false},"excerpt":{"rendered":"<p>L\u201911 aprile 2009 a Hoogkarspel nei \u00a0Paesi Bassi ho intervistato \u00a0Hans van Baalenparlamentare olandesecapolista del VVD (partito per la Libert\u00e0 e la Democrazia) alle prossime elezioni europee\u00a0il video dell\u2019intervista in olandese si trova su\u00a0http:\/\/www.youtube.com\/watch?v=3K0iDWKlGpk\u00a0Questa \u00e8 la traduzione completa dell\u2019intervista\u00a0\u00a0Domanda: Quali &hellip; <a href=\"https:\/\/silviaterribili.org\/?p=25\">Continue reading <span class=\"meta-nav\">&rarr;<\/span><\/a><\/p>\n","protected":false},"author":2,"featured_media":0,"comment_status":"open","ping_status":"open","sticky":false,"template":"","format":"standard","meta":{"footnotes":""},"categories":[71],"tags":[],"class_list":["post-25","post","type-post","status-publish","format-standard","hentry","category-elezioni-europee-2009"],"_links":{"self":[{"href":"https:\/\/silviaterribili.org\/index.php?rest_route=\/wp\/v2\/posts\/25","targetHints":{"allow":["GET"]}}],"collection":[{"href":"https:\/\/silviaterribili.org\/index.php?rest_route=\/wp\/v2\/posts"}],"about":[{"href":"https:\/\/silviaterribili.org\/index.php?rest_route=\/wp\/v2\/types\/post"}],"author":[{"embeddable":true,"href":"https:\/\/silviaterribili.org\/index.php?rest_route=\/wp\/v2\/users\/2"}],"replies":[{"embeddable":true,"href":"https:\/\/silviaterribili.org\/index.php?rest_route=%2Fwp%2Fv2%2Fcomments&post=25"}],"version-history":[{"count":0,"href":"https:\/\/silviaterribili.org\/index.php?rest_route=\/wp\/v2\/posts\/25\/revisions"}],"wp:attachment":[{"href":"https:\/\/silviaterribili.org\/index.php?rest_route=%2Fwp%2Fv2%2Fmedia&parent=25"}],"wp:term":[{"taxonomy":"category","embeddable":true,"href":"https:\/\/silviaterribili.org\/index.php?rest_route=%2Fwp%2Fv2%2Fcategories&post=25"},{"taxonomy":"post_tag","embeddable":true,"href":"https:\/\/silviaterribili.org\/index.php?rest_route=%2Fwp%2Fv2%2Ftags&post=25"}],"curies":[{"name":"wp","href":"https:\/\/api.w.org\/{rel}","templated":true}]}}