{"id":23,"date":"2009-03-21T10:05:56","date_gmt":"2009-03-21T09:05:56","guid":{"rendered":"http:\/\/silviaterribili.org\/blog\/wordpress\/?p=23"},"modified":"2009-03-21T10:11:33","modified_gmt":"2009-03-21T09:11:33","slug":"i-giganti-dell%e2%80%99energia-chiedono-di-stroncare-le-rinnovabili-per-salvare-il-nucleare","status":"publish","type":"post","link":"https:\/\/silviaterribili.org\/?p=23","title":{"rendered":"I giganti dell\u2019energia chiedono di stroncare le rinnovabili per salvare il nucleare"},"content":{"rendered":"<p style=\"margin: 0cm 0cm 0pt\" class=\"MsoNormal\"><span style=\"color: #444444\"><\/span><\/p>\n<p><span style=\"color: #444444\"><\/span><span style=\"color: #444444\"><\/p>\n<h4 style=\"margin: 0cm 0cm 0pt\"><span style=\"font-family: 'Times New Roman'\" lang=\"FR\"><font color=\"#000000\"><o:p><img loading=\"lazy\" decoding=\"async\" border=\"0\" width=\"1\" src=\"http:\/\/silviaterribili.org\/blog\/wordpress\/wp-admin\/DISC%201392.jpg\" height=\"1\" \/><\/o:p><\/font><\/span><\/h4>\n<p><span lang=\"FR\"><font color=\"#000000\"><\/font><\/span><\/p>\n<p><span lang=\"FR\"><font color=\"#000000\"><font face=\"Times New Roman\">\u00a0<img loading=\"lazy\" decoding=\"async\" width=\"1024\" src=\"http:\/\/www.groeneenergie-info.nl\/images\/windenergie\/windenergie.jpg\" height=\"1540\" style=\"-ms-interpolation-mode: nearest-neighbor\" \/><\/font><\/font><\/span><\/p>\n<p><span lang=\"FR\"><font color=\"#000000\"><\/font><\/span><\/p>\n<p><span lang=\"FR\"><font color=\"#000000\"><font face=\"Times New Roman\">\u00a0<o:p><\/o:p><\/font><\/font><\/span><span style=\"color: #444444\"><font face=\"Times New Roman\">Scioccanti dichiarazioni di EDF in una nota del marzo scorso.<\/font><\/span><span style=\"color: #444444\"><o:p><\/o:p><\/span><\/span><span style=\"color: #444444\"><font face=\"Times New Roman\">Sapete cosa chiedono al loro governo i giganti dell\u2019energia francesi?<o:p><\/o:p><\/font><\/span><span style=\"color: #444444\"><font face=\"Times New Roman\">\u00a0<o:p><\/o:p><\/font><\/span><strong><span style=\"color: #444444\" lang=\"FR\"><font face=\"Times New Roman\">Chiedono di stroncare le fonti rinnovabili per proteggere il nucleare.<o:p><\/o:p><\/font><\/span><\/strong><span style=\"color: #444444\" lang=\"FR\"><font face=\"Times New Roman\">\u00a0<o:p><\/o:p><\/font><\/span><\/p>\n<p style=\"margin: 0cm 0cm 0pt\" class=\"MsoBodyText\"><span lang=\"FR\"><font color=\"#444444\" face=\"Times New Roman\">La motivazione \u00e8 che se il governo d\u00e0 la possibilit\u00e0 all\u2019eolico di svilupparsi troppo, ci\u00f2 potrebbe frenare lo sviluppo di nuovi impianti nucleari.<\/font><\/span><\/p>\n<p><span style=\"color: #444444\" lang=\"FR\"><font face=\"Times New Roman\">\u00a0<o:p><\/o:p><\/font><\/span><span style=\"color: #444444\" lang=\"FR\"><font face=\"Times New Roman\">EDF, che con le sue 58 centrali nucleari<span>\u00a0 <\/span>\u00e8 il maggiore colosso nucleare nel mondo chiede pertanto al gioverno di <strong>abbassare l\u2019obiettivo del contributo totale di energie rinnovabili dal 35% al 20% nel 2020. <o:p><\/o:p><\/strong><\/font><\/span><span style=\"color: #444444\" lang=\"FR\"><font face=\"Times New Roman\">\u00a0<o:p><\/o:p><\/font><\/span><span style=\"color: #444444\" lang=\"FR\"><font face=\"Times New Roman\">E\u2019 comprensibile che le aziende produttrici di elettricit\u00e0 difendano i propri interessi commerciali.<o:p><\/o:p><\/font><\/span><span style=\"color: #444444\" lang=\"FR\"><font face=\"Times New Roman\">\u00a0<o:p><\/o:p><\/font><\/span><\/p>\n<p style=\"margin: 0cm 0cm 0pt\" class=\"MsoBodyText\"><span lang=\"FR\"><font color=\"#444444\" face=\"Times New Roman\">Ma \u00e8 altrettanto chiaro che 500 milioni di cittadini devono difendere i propri interessi e quelli dei loro figli.<\/font><\/span><\/p>\n<p><span style=\"color: #444444\" lang=\"FR\"><font face=\"Times New Roman\">L\u2019energia nucleare \u00e8 costosissima e pu\u00f2 essere prodotta <strong>solo con massicce iniziezioni di denaro<\/strong> da parte delle casse pubbliche e cio\u00e8 i soldi dei cittadini.<o:p><\/o:p><\/font><\/span><span style=\"color: #444444\" lang=\"FR\"><font face=\"Times New Roman\">\u00a0<o:p><\/o:p><\/font><\/span><font face=\"Times New Roman\"><span style=\"color: #444444\">Una centrale nucleare costa costa come minimo 5 miliardi di euro. <\/span><span style=\"color: #444444\" lang=\"FR\">Mi chiedo con che coraggio, in questo peridodo di paurosa crisi dei crediti e recessione, si possa solo pensare di sprecare in maniera cos\u00ec irresponsabile 5 miliardi di euro.<o:p><\/o:p><\/span><\/font><span style=\"color: #444444\" lang=\"FR\"><font face=\"Times New Roman\">Quanti pannelli solari potrebbero essere costruiti con questi soldi\u00a0? <o:p><\/o:p><\/font><\/span><strong><span style=\"color: #444444\" lang=\"FR\"><font face=\"Times New Roman\">\u00a0<o:p><\/o:p><\/font><\/span><\/strong><font face=\"Times New Roman\"><strong><span style=\"color: #444444\" lang=\"FR\">Chi paga lo smantellamento delle centrali<\/span><\/strong><span style=\"color: #444444\" lang=\"FR\"> al termine della loro attivit\u00e0\u00a0? <\/span><span style=\"color: #444444\">Il costo dello smantellamento \u00e8 come minimo pari a quello della loro costruzione. Lo stato ovviamente, visto che nessuna azienda pensa bene di accollarsi queste spese.<o:p><\/o:p><\/span><\/font><strong><span style=\"color: #444444\"><font face=\"Times New Roman\">\u00a0<o:p><\/o:p><\/font><\/span><\/strong><font color=\"#444444\"><font face=\"Times New Roman\"><strong><span>Chi paga la gestione e lo stoccaggio provvisorio<\/span><\/strong><span> dei residui ad alta attivit\u00e0 contenenti plutonio, elemento che conserva la sua pericolosit\u00e0 per decine di migliaia di anni? Lo stato ovviamente, visto che nessuna azienda pensa bene di accollarsi queste spese.<o:p><\/o:p><\/span><\/font><\/font><span style=\"color: #444444\"><font face=\"Times New Roman\">\u00a0<o:p><\/o:p><\/font><\/span><span style=\"color: #444444\" lang=\"FR\"><font face=\"Times New Roman\">Le elezioni europee sono alle porte. <o:p><\/o:p><\/font><\/span><span style=\"color: #444444\" lang=\"FR\"><font face=\"Times New Roman\">\u00a0<o:p><\/o:p><\/font><\/span><\/p>\n<p style=\"margin: 0cm 0cm 0pt\" class=\"MsoBodyText\"><span lang=\"FR\"><font color=\"#444444\" face=\"Times New Roman\">In base alle previsioni di costi che il nucleare comporter\u00e0 oggi e in futuro (per centinaia di migliaia di anni) chiediamo a coloro che si candidano al Parlamento europeo di escludere nella maniera pi\u00f9 assoluta il ricorso all\u2019energia nucleare alle condizioni attuali.<\/font><\/span><\/p>\n<p><span style=\"color: #444444\" lang=\"FR\"><font face=\"Times New Roman\">\u00a0<o:p><\/o:p><\/font><\/span><span style=\"color: #444444\" lang=\"FR\"><font face=\"Times New Roman\">La priorit\u00e0 dei cittadini europei \u00e8 promuovere massicciamente e da subito l\u2019eolico, il solare, la geotermia, le maree, il rispamio energetico e l\u2019efficienza. <o:p><\/o:p><\/font><\/span><span style=\"color: #444444\" lang=\"FR\"><font face=\"Times New Roman\">\u00a0<o:p><\/o:p><\/font><\/span><span style=\"color: #444444\" lang=\"FR\"><font face=\"Times New Roman\">Tutti i candidati<span>\u00a0 <\/span>e i partiti che difenderanno le rinnovabili sono dalla parte dei cittadini.<o:p><\/o:p><\/font><\/span><span style=\"color: #444444\" lang=\"FR\"><font face=\"Times New Roman\">\u00a0<o:p><\/o:p><\/font><\/span><font face=\"Times New Roman\"><strong><span style=\"color: #444444\" lang=\"FR\">Chi propone il nucleare difende unicamente l\u2019interesse delle aziende elettriche<\/span><\/strong><span style=\"color: #444444\" lang=\"FR\"> a scapito di quello di 500 milioni di cittadini.<o:p><\/o:p><\/span><\/font><span style=\"color: #444444\" lang=\"FR\"><font face=\"Times New Roman\">\u00a0<o:p><\/o:p><\/font><\/span><font face=\"Times New Roman\"><span style=\"color: #444444\" lang=\"FR\">Tra l\u2019altro ci si chiede <strong>con quali capitali <\/strong><\/span><strong><span style=\"color: black\" lang=\"FR\">Enel, indebitata per 52 miliardi di euro<\/span><\/strong><span style=\"color: black\" lang=\"FR\"> anche per le operazioni che ha fatto all\u2019estero comperando centrali nucleari, voglia ora rilanciarsi in quest\u2019impresa fallimentare.<o:p><\/o:p><\/span><\/font><span style=\"color: #444444\" lang=\"FR\"><font face=\"Times New Roman\">\u00a0<o:p><\/o:p><\/font><\/span><span style=\"color: #444444\" lang=\"FR\"><font face=\"Times New Roman\">Alle europee votate dunque solo i partiti che promuovono le fonti rinnovabili\u00a0!<o:p><\/o:p><\/font><\/span><span style=\"color: #444444\" lang=\"FR\"><font face=\"Times New Roman\">\u00a0<o:p><\/o:p><\/font><\/span><span style=\"color: #444444\" lang=\"FR\"><font face=\"Times New Roman\">\u00a0<o:p><\/o:p><\/font><\/span><span style=\"color: #444444\" lang=\"FR\"><font face=\"Times New Roman\">\u00a0<o:p><\/o:p><\/font><\/span><span style=\"color: #444444\" lang=\"FR\"><font face=\"Times New Roman\">\u00a0<o:p><\/o:p><\/font><\/span><span style=\"color: #444444\" lang=\"FR\"><font face=\"Times New Roman\">\u00a0<o:p><\/o:p><\/font><\/span><span style=\"font-size: 12pt; color: #444444; font-family: 'Times New Roman'\" lang=\"FR\"><span>~~~~~~~~~~~~~~~~~~~~~~~~~~~~~~~~~~~~~~~~~~\u00a0<\/span><br \/>\n<span>\u00a0<\/span><br \/>\nENDS report, 12 March 2009<br \/>\nSlash renewables t<\/span><span style=\"font-size: 12pt; color: #444444; font-family: 'Times New Roman'\">arget to protect nuclear, says EDF<br \/>\nThe development of new nuclear plant could be prevented if the<br \/>\ngovernment allows too much windpower to be built, energy giants<br \/>\nEDF and Eon have claimed. EDF \u2013 the world\u2019s largest nuclear operator<br \/>\nwith 58 plants \u2013 is calling on the government to lower its proposed<br \/>\nrenewable electricity target from 35% of supply in 2020 to just 20%.<br \/>\n<\/span><\/p>\n","protected":false},"excerpt":{"rendered":"<p>\u00a0 \u00a0Scioccanti dichiarazioni di EDF in una nota del marzo scorso.Sapete cosa chiedono al loro governo i giganti dell\u2019energia francesi?\u00a0Chiedono di stroncare le fonti rinnovabili per proteggere il nucleare.\u00a0 La motivazione \u00e8 che se il governo d\u00e0 la possibilit\u00e0 all\u2019eolico &hellip; <a href=\"https:\/\/silviaterribili.org\/?p=23\">Continue reading <span class=\"meta-nav\">&rarr;<\/span><\/a><\/p>\n","protected":false},"author":2,"featured_media":0,"comment_status":"open","ping_status":"open","sticky":false,"template":"","format":"standard","meta":{"footnotes":""},"categories":[67],"tags":[],"class_list":["post-23","post","type-post","status-publish","format-standard","hentry","category-energia"],"_links":{"self":[{"href":"https:\/\/silviaterribili.org\/index.php?rest_route=\/wp\/v2\/posts\/23","targetHints":{"allow":["GET"]}}],"collection":[{"href":"https:\/\/silviaterribili.org\/index.php?rest_route=\/wp\/v2\/posts"}],"about":[{"href":"https:\/\/silviaterribili.org\/index.php?rest_route=\/wp\/v2\/types\/post"}],"author":[{"embeddable":true,"href":"https:\/\/silviaterribili.org\/index.php?rest_route=\/wp\/v2\/users\/2"}],"replies":[{"embeddable":true,"href":"https:\/\/silviaterribili.org\/index.php?rest_route=%2Fwp%2Fv2%2Fcomments&post=23"}],"version-history":[{"count":0,"href":"https:\/\/silviaterribili.org\/index.php?rest_route=\/wp\/v2\/posts\/23\/revisions"}],"wp:attachment":[{"href":"https:\/\/silviaterribili.org\/index.php?rest_route=%2Fwp%2Fv2%2Fmedia&parent=23"}],"wp:term":[{"taxonomy":"category","embeddable":true,"href":"https:\/\/silviaterribili.org\/index.php?rest_route=%2Fwp%2Fv2%2Fcategories&post=23"},{"taxonomy":"post_tag","embeddable":true,"href":"https:\/\/silviaterribili.org\/index.php?rest_route=%2Fwp%2Fv2%2Ftags&post=23"}],"curies":[{"name":"wp","href":"https:\/\/api.w.org\/{rel}","templated":true}]}}