{"id":19,"date":"2009-02-07T22:23:13","date_gmt":"2009-02-07T21:23:13","guid":{"rendered":"http:\/\/silviaterribili.org\/blog\/wordpress\/?p=19"},"modified":"2009-02-07T22:23:13","modified_gmt":"2009-02-07T21:23:13","slug":"a-chi-giova-attaccare-genchi","status":"publish","type":"post","link":"https:\/\/silviaterribili.org\/?p=19","title":{"rendered":"A chi giova attaccare Genchi?"},"content":{"rendered":"<p><span style=\"font-size: 10pt; color: navy; font-family: Arial\" lang=\"IT\">A chi giova attaccare Genchi?<o:p><\/o:p><\/span><span style=\"font-size: 10pt; color: navy; font-family: Arial\" lang=\"IT\">\u00a0<o:p><\/o:p><\/span><span style=\"font-size: 10pt; color: navy; font-family: Arial\" lang=\"IT\">\u00a0<o:p><\/o:p><\/span><span style=\"font-size: 10pt; color: navy; font-family: Arial\" lang=\"IT\">\u00a0<o:p><\/o:p><\/span><span style=\"font-size: 10pt; color: navy; font-family: Arial\" lang=\"IT\">\u00a0<o:p><\/o:p><\/span><span style=\"font-size: 10pt; color: navy; font-family: Arial\" lang=\"IT\">\u00a0<o:p><\/o:p><\/span><span style=\"font-size: 10pt; color: navy; font-family: Arial\" lang=\"IT\">Stupisce che la notizia dell\u2019archiviazione della posizione del pm De Magistris, indagato per abuso d\u2019ufficio per l\u2019acquisizione di tabulati di Clemente Mastella abbia ottenuto un riquadrino di 7 x 4cm compresa la foto nella Repubblica di oggi, 6 febbraio 2009.<o:p><\/o:p><\/span><span style=\"font-size: 10pt; color: navy; font-family: Arial\" lang=\"IT\">\u00a0<o:p><\/o:p><\/span><span style=\"font-size: 10pt; color: navy; font-family: Arial\" lang=\"IT\">Ma allora, se De Magistris \u00e8 innocente, perch\u00e9 non gli vengono restituite le indagini che gli sono state abusivamente tolte? Toghe lucane, Poseidone e Why not? Perch\u00e9 non viene ampiamente riabilitato un valoroso magistrato che stava indagando sulla corruzione ad altissimi livelli? <o:p><\/o:p><\/span><span style=\"font-size: 10pt; color: navy; font-family: Arial\" lang=\"IT\">\u00a0<o:p><\/o:p><\/span><span style=\"font-size: 10pt; color: navy; font-family: Arial\" lang=\"IT\">Invece ampio spazio viene dato alle nuove accuse contro Gioacchino Genchi, addirittura si titola \u201cHa violato il segreto di stato\u201d<o:p><\/o:p><\/span><span style=\"font-size: 10pt; color: navy; font-family: Arial\" lang=\"IT\">\u00a0<o:p><\/o:p><\/span><span style=\"font-size: 10pt; color: navy; font-family: Arial\" lang=\"IT\">C\u2019\u00e8 qualcosa che non quadra. <o:p><\/o:p><\/span><span style=\"font-size: 10pt; color: navy; font-family: Arial\" lang=\"IT\">\u00a0<o:p><\/o:p><\/span><span style=\"font-size: 10pt; color: navy; font-family: Arial\" lang=\"IT\">Il consulente Genchi ha elaborato dei tabulati telefonici su commissione di alcune procure italiane.<o:p><\/o:p><\/span><span style=\"font-size: 10pt; color: navy; font-family: Arial\" lang=\"IT\">\u00a0<o:p><\/o:p><\/span><span style=\"font-size: 10pt; color: navy; font-family: Arial\" lang=\"IT\">I titolari di segreto di stato non possono trattare i segreti di stato al telefono.<o:p><\/o:p><\/span><span style=\"font-size: 10pt; color: navy; font-family: Arial\" lang=\"IT\">\u00a0<o:p><\/o:p><\/span><span style=\"font-size: 10pt; color: navy; font-family: Arial\" lang=\"IT\">Dunque l\u2019accusa risulta inconsistente.<o:p><\/o:p><\/span><span style=\"font-size: 10pt; color: navy; font-family: Arial\" lang=\"IT\">\u00a0<o:p><\/o:p><\/span><span style=\"font-size: 10pt; color: navy; font-family: Arial\" lang=\"IT\">Genchi viene accusato di aver violato la privacy. Adesso io mi domando se un poliziotto viola la privacy nel momento in cui indaga su reati e delitti. Ma allora per non violare la privacy di un assassino o di un criminale o di uno stupratore, dobbiamo lasciarlo andare tranquillamente?<o:p><\/o:p><\/span><span style=\"font-size: 10pt; color: navy; font-family: Arial\" lang=\"IT\">\u00a0<o:p><\/o:p><\/span><span style=\"font-size: 10pt; color: navy; font-family: Arial\" lang=\"IT\">Sembra di vivere in un mondo manzoniano, dove la giustizia viene asservita ai Don Rodrigo di turno e il povero Renzo viene cacciato via in malo modo da un Azzeccagarbugli che va a ripescare tutti i cavilli per accusare il danneggiato anzich\u00e9 il danneggiatore.<o:p><\/o:p><\/span><span style=\"font-size: 10pt; color: navy; font-family: Arial\" lang=\"IT\">\u00a0<o:p><\/o:p><\/span><span style=\"font-size: 10pt; color: navy; font-family: Arial\" lang=\"IT\">Perch\u00e9 dobbiamo accettare passivamente questo stravolgimento dell\u2019idea stessa di giustizia?<o:p><\/o:p><\/span><span style=\"font-size: 10pt; color: navy; font-family: Arial\" lang=\"IT\">\u00a0<o:p><\/o:p><\/span><span style=\"font-size: 10pt; color: navy; font-family: Arial\" lang=\"IT\">Genchi viene accusato di essere interessato a \u201cuna mappa dei rapporti tra i poteri forti dello Stato. I contatti di ministri, magistrati, manager, sedi istituzionali e agenti segreti, tra loro e con altri.\u201d<o:p><\/o:p><\/span><span style=\"font-size: 10pt; color: navy; font-family: Arial\" lang=\"IT\">\u00a0<o:p><\/o:p><\/span><span style=\"font-size: 10pt; color: navy; font-family: Arial\" lang=\"IT\">Credo che una stragrande maggioranza degli italiani onesti condivida la stessa sacrosanta curiosit\u00e0 di Genchi, e mi sembra veramente assurdo che tale \u201ccuriosit\u00e0\u201d venga considerata un reato.<o:p><\/o:p><\/span><span style=\"font-size: 10pt; color: navy; font-family: Arial\" lang=\"IT\">\u00a0<o:p><\/o:p><\/span><span style=\"font-size: 10pt; color: navy; font-family: Arial\" lang=\"IT\">No, la verit\u00e0 \u00e8 che Genchi sa molte cose che quegli stessi poteri forti vogliono tenere segrete perch\u00e9 destabilizzanti non per il paese, che ne uscirebbe senz\u2019altro purificato, ma per il loro stesso potere.. Ecco quali sono i segreti che vogliono nascondere.<o:p><\/o:p><\/span><span style=\"font-size: 10pt; color: navy; font-family: Arial\" lang=\"IT\">\u00a0<o:p><\/o:p><\/span><span style=\"font-size: 10pt; color: navy; font-family: Arial\" lang=\"IT\">E noi cittadini non possiamo far altro che chiedere la piena trasparenza sulla nuova Tangentopoli scoperchiata da De Magistris, sui 9 miliardi di finanziamenti europei che scompaiono nel nulla ogni anno in Calabria, nelle tasche di politici e criminalit\u00e0 organizzata, sui fondi erogati dalla UE, contabilizzati e spartiti a Roma e a Bruxelles, sulle societ\u00e0 ad hoc che ricompensano il partito che gli ha concesso l\u2019erogazione.<o:p><\/o:p><\/span><span style=\"font-size: 10pt; color: navy; font-family: Arial\" lang=\"IT\">\u00a0<o:p><\/o:p><\/span><span style=\"font-size: 10pt; color: navy; font-family: Arial\" lang=\"IT\">Queste sono le cose che interessano ai cittadini.<o:p><\/o:p><\/span><span style=\"font-size: 10pt; color: navy; font-family: Arial\" lang=\"IT\">\u00a0<o:p><\/o:p><\/span><span style=\"font-size: 10pt; color: navy; font-family: Arial\" lang=\"IT\">Ad esempio vorremmo sapere chi \u00e8 il parlamentare che ha intestato a suo nome decine di schede telefoniche e le ha distribuite ai suoi conoscenti in Calabria di cui ha parlato Genchi in una intervista.<o:p><\/o:p><\/span><span style=\"font-size: 10pt; color: navy; font-family: Arial\" lang=\"IT\">\u00a0<o:p><\/o:p><\/span><span style=\"font-size: 10pt; color: navy; font-family: Arial\" lang=\"IT\">Ma di questo i giornali non parlano. Come mai? <o:p><\/o:p><\/span><span style=\"font-size: 10pt; color: navy; font-family: Arial\" lang=\"IT\">\u00a0<o:p><\/o:p><\/span><span style=\"font-size: 10pt; color: navy; font-family: Arial\" lang=\"IT\">Piena solidariet\u00e0 ai magistrati coraggiosi come De Magistris e ai poliziotti capaci com Gioacchino Genchi che lavorano per difendere la giustizia, la demorazia e il cittadino senza far sconti ai politici e ai potenti di turno.<o:p><\/o:p><\/span><span style=\"font-size: 10pt; color: navy; font-family: Arial\" lang=\"IT\">\u00a0<o:p><\/o:p><\/span><\/p>\n","protected":false},"excerpt":{"rendered":"<p>A chi giova attaccare Genchi?\u00a0\u00a0\u00a0\u00a0\u00a0Stupisce che la notizia dell\u2019archiviazione della posizione del pm De Magistris, indagato per abuso d\u2019ufficio per l\u2019acquisizione di tabulati di Clemente Mastella abbia ottenuto un riquadrino di 7 x 4cm compresa la foto nella Repubblica di &hellip; <a href=\"https:\/\/silviaterribili.org\/?p=19\">Continue reading <span class=\"meta-nav\">&rarr;<\/span><\/a><\/p>\n","protected":false},"author":2,"featured_media":0,"comment_status":"open","ping_status":"open","sticky":false,"template":"","format":"standard","meta":{"footnotes":""},"categories":[93],"tags":[84,94,79,97,99,98,96,95],"class_list":["post-19","post","type-post","status-publish","format-standard","hentry","category-giustizia","tag-de-magistris","tag-genchi","tag-intercettazioni","tag-poseidon","tag-poteri-forti","tag-tabulati","tag-toghe-lucane","tag-why-not"],"_links":{"self":[{"href":"https:\/\/silviaterribili.org\/index.php?rest_route=\/wp\/v2\/posts\/19","targetHints":{"allow":["GET"]}}],"collection":[{"href":"https:\/\/silviaterribili.org\/index.php?rest_route=\/wp\/v2\/posts"}],"about":[{"href":"https:\/\/silviaterribili.org\/index.php?rest_route=\/wp\/v2\/types\/post"}],"author":[{"embeddable":true,"href":"https:\/\/silviaterribili.org\/index.php?rest_route=\/wp\/v2\/users\/2"}],"replies":[{"embeddable":true,"href":"https:\/\/silviaterribili.org\/index.php?rest_route=%2Fwp%2Fv2%2Fcomments&post=19"}],"version-history":[{"count":0,"href":"https:\/\/silviaterribili.org\/index.php?rest_route=\/wp\/v2\/posts\/19\/revisions"}],"wp:attachment":[{"href":"https:\/\/silviaterribili.org\/index.php?rest_route=%2Fwp%2Fv2%2Fmedia&parent=19"}],"wp:term":[{"taxonomy":"category","embeddable":true,"href":"https:\/\/silviaterribili.org\/index.php?rest_route=%2Fwp%2Fv2%2Fcategories&post=19"},{"taxonomy":"post_tag","embeddable":true,"href":"https:\/\/silviaterribili.org\/index.php?rest_route=%2Fwp%2Fv2%2Ftags&post=19"}],"curies":[{"name":"wp","href":"https:\/\/api.w.org\/{rel}","templated":true}]}}