{"id":17,"date":"2009-01-27T19:38:39","date_gmt":"2009-01-27T18:38:39","guid":{"rendered":"http:\/\/silviaterribili.org\/blog\/wordpress\/?p=17"},"modified":"2009-01-27T19:42:51","modified_gmt":"2009-01-27T18:42:51","slug":"il-capo-del-governo-deve-dare-esempio-di-massima-trasparenza","status":"publish","type":"post","link":"https:\/\/silviaterribili.org\/?p=17","title":{"rendered":"Il capo del governo deve dare esempio di massima trasparenza"},"content":{"rendered":"<h1 style=\"margin: 0cm 0cm 0pt\"><span lang=\"FR\"><em><font size=\"3\" face=\"Times New Roman\">Il capo del governo deve dare esempio di massima trasparenza<\/font><\/em><\/span><\/h1>\n<p><span lang=\"FR\"><font face=\"Times New Roman\">\u00a0<o:p><\/o:p><\/font><\/span><span lang=\"FR\"><font face=\"Times New Roman\">\u00a0<o:p><\/o:p><\/font><\/span><span lang=\"FR\"><font face=\"Times New Roman\">Tutti domani a Roma, a piazza Farnese in difesa della giustizia, delle intercettazioni per combattere la mafia e il crimine. Piena solidariet\u00e0 al PG Luigi Apicella e a tutti i valorosi magistrati che difendono la democrazia, la costituzione e i cittadini, De Magistris, Forleo, Nuzzi e Verasani.<o:p><\/o:p><\/font><\/span><\/p>\n<p style=\"margin: 0cm 0cm 0pt\" class=\"MsoNormal\"><span lang=\"FR\"><\/span><\/p>\n<p><span lang=\"FR\"><font face=\"Times New Roman\"><o:p><\/o:p><\/font><\/span>\u00a0<span lang=\"FR\"><font face=\"Times New Roman\">Viviamo in tempi caotici, estremamente confusi in cui i media con un surplus di informazione spesso non rilevante ci confondono le idee anzich\u00e9 chiarircele.<o:p><\/o:p><\/font><\/span><\/p>\n<p style=\"margin: 0cm 0cm 0pt\" class=\"MsoNormal\"><span lang=\"FR\"><\/span><\/p>\n<p><span lang=\"FR\"><font face=\"Times New Roman\">A volte aiuta fermarsi un attimo a riflettere con calma usando semplicemente il buon senso.<o:p><\/o:p><\/font><\/span><span lang=\"FR\"><font face=\"Times New Roman\">\u00a0<o:p><\/o:p><\/font><\/span><span><font face=\"Times New Roman\">Il capo del governo dice:<o:p><\/o:p><\/font><\/span><span><font face=\"Times New Roman\">\u00a0<o:p><\/o:p><\/font><\/span><font face=\"Times New Roman\"><em><span lang=\"FR\">\u00ab\u00a0O si fa una legge che taglia tutto, oppure se esce una sola telefonata che mi riguarda, me ne vado da questo paese. La privacy \u00e8 una cosa troppo importante. Non \u00e8 possibile che non si possa parlare tranquillamente al telefono<\/span><\/em><span lang=\"FR\">\u00bb\u00a0La Repubblica, luned\u00ec 29 gennaio 2009\u00a0<o:p><\/o:p><\/span><\/font><span lang=\"FR\"><font face=\"Times New Roman\">\u00a0<o:p><\/o:p><\/font><\/span><span lang=\"FR\"><font face=\"Times New Roman\">D\u2019accordo, la privacy \u00e8 molto importante, ma non possiamo garantire la privacy di chi intrattiene rapporti professionali, d\u2019affari o anche di amicizia con mafiosi, indagati e sospetti di reati gravi come usura, frode, corruzione, associazione per delinquere, bancarotta fraudolenta, sequestro di persona, rapina, riciclaggio di denaro sporco, narcotraffico, sfruttamento della prostituzione, danni all\u2019ambiente, violenza sessuale, estorsione, assassinio, pedofilia, altrimenti per garantire la loro privacy tradiremmo il cittadino, che deve essere tutelato da coloro che compiono tali reati.<o:p><\/o:p><\/font><\/span><span lang=\"FR\"><font face=\"Times New Roman\">\u00a0<o:p><\/o:p><\/font><\/span><span lang=\"FR\"><font face=\"Times New Roman\">Gli inquirenti devono utilizzare tutti gli strumenti in loro possesso per combattere il crimine e tutelare il cittadino.<o:p><\/o:p><\/font><\/span><span lang=\"FR\"><font face=\"Times New Roman\">\u00a0<o:p><\/o:p><\/font><\/span><span lang=\"FR\"><font face=\"Times New Roman\">Mi auguro che il buon senso prevalga e che il Parlamento difenda l\u2019interesse di milioni di cittadini al di sopra della privacy di persone che giustamente vengono indagate<span>\u00a0 <\/span>dalla polizia perch\u00e9 sospette di comportamenti disonesti e pericolosi per tutti. Ogni qualvolta sussistano gravi indizi di reato, gli inquirenti devono poter indagare liberamente con tutti i mezzi a loro disposizione. Solo in questo modo si garantisce al meglio la sicurezza del cittadino.<o:p><\/o:p><\/font><\/span><span lang=\"FR\"><font face=\"Times New Roman\">\u00a0<o:p><\/o:p><\/font><\/span><span lang=\"FR\"><font face=\"Times New Roman\">Ma tornando un attimo alle affermazioni del capo del governo. La domanda legittima che ci poniamo \u00e8\u00a0:<o:p><\/o:p><\/font><\/span><span lang=\"FR\"><font face=\"Times New Roman\">\u00a0<o:p><\/o:p><\/font><\/span><span lang=\"FR\"><font face=\"Times New Roman\">Perch\u00e9 il capo del governo inorridisce all\u2019idea<span>\u00a0 <\/span>che vengano pubblicate le intercettazioni che lo riguardano\u00a0? Che cosa c\u2019\u00e8 in quelle telefonate che noi cittadini non possiamo sapere\u00a0? Se le sue telefonate sono innocenti, come dobbiamo presupporre dato l\u2019altissimo compito di rappresentare quasi 60 milioni di italiani che gli \u00e8 stato conferito dal mandato elettorale, perch\u00e9 non accetta di essere completamente trasparente di fronte ai suoi elettori\u00a0?<o:p><\/o:p><\/font><\/span><span lang=\"FR\"><font face=\"Times New Roman\">\u00a0<o:p><\/o:p><\/font><\/span><font face=\"Times New Roman\"><span lang=\"FR\">Certo la vita privata di un semplice cittadino non ci riguarda, ma purtroppo non esiste pi\u00f9 un privato per chi dirige un paese di 60 milioni di persone e la condotta privata del primo cittadino deve essere tanto pi\u00f9 esemplare perch\u00e9 \u00e8 il biglietto da visita dal nostro paese. <\/span><span lang=\"NL\">Onori e oneri. <\/span><span lang=\"FR\">Quei 60 milioni di cittadini che pagano lo stipendio di un primo ministro che li rappresenta hanno il diritto di sapere tutto su di lui.<o:p><\/o:p><\/span><\/font><span lang=\"FR\"><font face=\"Times New Roman\">\u00a0<o:p><\/o:p><\/font><\/span><span lang=\"FR\"><font face=\"Times New Roman\">Non possiamo accettare che vi sia la bench\u00e9 minima ombra sul suo privato.<o:p><\/o:p><\/font><\/span><span lang=\"FR\"><font face=\"Times New Roman\">\u00a0<o:p><\/o:p><\/font><\/span><span lang=\"FR\"><font face=\"Times New Roman\">Anche perch\u00e9 se ci fossero delle bench\u00e9 minime ombre, lui potrebbe essere ricattato da persone senza scrupoli che potrebbero rivelare alla stampa e dunque ai cittadini particolari episodi della sua vita che gli toglierebbero la fiducia dei cittadini che lo hanno votato.<o:p><\/o:p><\/font><\/span><span lang=\"FR\"><font face=\"Times New Roman\">\u00a0<o:p><\/o:p><\/font><\/span><span lang=\"FR\"><font face=\"Times New Roman\">Questi mi sembrano principi ispirati da buon senso, sbaglio\u00a0? Correggetemi pure.<o:p><\/o:p><\/font><\/span><span lang=\"FR\"><font face=\"Times New Roman\">\u00a0<o:p><\/o:p><\/font><\/span><span lang=\"FR\"><font face=\"Times New Roman\">Pertanto ci aspettiamo che il capo del governo dia il buon esempio di massima trasparenza sia pubblica che privata.<o:p><\/o:p><\/font><\/span><span lang=\"FR\"><font face=\"Times New Roman\">\u00a0<o:p><\/o:p><\/font><\/span><span lang=\"FR\"><font face=\"Times New Roman\">E che lasci tranquillamente che si pubblichino tutte le notizie che lo riguardano e che sono rilevanti per i cittadini.<o:p><\/o:p><\/font><\/span><span lang=\"FR\"><font face=\"Times New Roman\">\u00a0<o:p><\/o:p><\/font><\/span><span lang=\"FR\"><font face=\"Times New Roman\">Ma si potrebbe obiettare che tali notizie sono segreti di stato.<o:p><\/o:p><\/font><\/span><span lang=\"FR\"><font face=\"Times New Roman\">\u00a0<o:p><\/o:p><\/font><\/span><span lang=\"FR\"><font face=\"Times New Roman\">Alt. I depositari di segreti di stato hanno il divieto di parlarne per telefono.<o:p><\/o:p><\/font><\/span><span lang=\"FR\"><font face=\"Times New Roman\">\u00a0<o:p><\/o:p><\/font><\/span><span lang=\"FR\"><font face=\"Times New Roman\">Dunque tutto ci\u00f2 che si dice per telefono non \u00e8 segreto di stato e si pu\u00f2 pubblicare se ha una sua rilevanza.<o:p><\/o:p><\/font><\/span><span lang=\"FR\"><font face=\"Times New Roman\">\u00a0<o:p><\/o:p><\/font><\/span><span lang=\"FR\"><font face=\"Times New Roman\">Per concludere\u00a0: tutti domani a Roma, a Piazza Farnese in difesa della giustizia, delle intercettazioni per combattere la mafia e il crimine. Piena solidariet\u00e0 al PG Luigi Apicella e a tutti i valorosi magistrati che difendono la democrazia, la costituzione e i cittadini, De Magistris, Forleo, Nuzzi e Verasani.<o:p><\/o:p><\/font><\/span><span style=\"font-size: 12pt; font-family: 'Times New Roman'\" lang=\"FR\"><span>\u00a0<\/span><\/span><\/p>\n","protected":false},"excerpt":{"rendered":"<p>Il capo del governo deve dare esempio di massima trasparenza \u00a0\u00a0Tutti domani a Roma, a piazza Farnese in difesa della giustizia, delle intercettazioni per combattere la mafia e il crimine. Piena solidariet\u00e0 al PG Luigi Apicella e a tutti i &hellip; <a href=\"https:\/\/silviaterribili.org\/?p=17\">Continue reading <span class=\"meta-nav\">&rarr;<\/span><\/a><\/p>\n","protected":false},"author":2,"featured_media":0,"comment_status":"open","ping_status":"open","sticky":false,"template":"","format":"standard","meta":{"footnotes":""},"categories":[86],"tags":[83,84,81,85,79,82,80],"class_list":["post-17","post","type-post","status-publish","format-standard","hentry","category-etica-in-politica","tag-apicella","tag-de-magistris","tag-difesa-della-giustizia","tag-forleo","tag-intercettazioni","tag-italia-dei-valori-etica","tag-trasparenza"],"_links":{"self":[{"href":"https:\/\/silviaterribili.org\/index.php?rest_route=\/wp\/v2\/posts\/17","targetHints":{"allow":["GET"]}}],"collection":[{"href":"https:\/\/silviaterribili.org\/index.php?rest_route=\/wp\/v2\/posts"}],"about":[{"href":"https:\/\/silviaterribili.org\/index.php?rest_route=\/wp\/v2\/types\/post"}],"author":[{"embeddable":true,"href":"https:\/\/silviaterribili.org\/index.php?rest_route=\/wp\/v2\/users\/2"}],"replies":[{"embeddable":true,"href":"https:\/\/silviaterribili.org\/index.php?rest_route=%2Fwp%2Fv2%2Fcomments&post=17"}],"version-history":[{"count":0,"href":"https:\/\/silviaterribili.org\/index.php?rest_route=\/wp\/v2\/posts\/17\/revisions"}],"wp:attachment":[{"href":"https:\/\/silviaterribili.org\/index.php?rest_route=%2Fwp%2Fv2%2Fmedia&parent=17"}],"wp:term":[{"taxonomy":"category","embeddable":true,"href":"https:\/\/silviaterribili.org\/index.php?rest_route=%2Fwp%2Fv2%2Fcategories&post=17"},{"taxonomy":"post_tag","embeddable":true,"href":"https:\/\/silviaterribili.org\/index.php?rest_route=%2Fwp%2Fv2%2Ftags&post=17"}],"curies":[{"name":"wp","href":"https:\/\/api.w.org\/{rel}","templated":true}]}}