{"id":15,"date":"2009-01-06T12:09:25","date_gmt":"2009-01-06T11:09:25","guid":{"rendered":"http:\/\/silviaterribili.org\/blog\/wordpress\/?p=15"},"modified":"2009-01-06T12:25:02","modified_gmt":"2009-01-06T11:25:02","slug":"italia-dei-valori-corra-da-sola-alle-europee","status":"publish","type":"post","link":"https:\/\/silviaterribili.org\/?p=15","title":{"rendered":"Italia dei Valori corra da sola alle Europee"},"content":{"rendered":"<p><strong><span style=\"font-size: 16pt; color: #444444; font-family: Tahoma\" lang=\"NL\">Elezioni Europee<span>\u00a0 <\/span>6 e 7 giugno 2009<o:p><\/o:p><\/span><\/strong><strong><span style=\"font-size: 10pt; color: #444444; font-family: Tahoma\" lang=\"NL\">\u00a0<o:p><\/o:p><\/span><\/strong><strong><span style=\"font-size: 10pt; color: #444444; font-family: Tahoma\">Alle europee con lealt\u00e0 nei confronti del PD, ma ognuno per conto suo con i propri ideali<o:p><\/o:p><\/span><\/strong><strong><span style=\"font-size: 10pt; color: #444444; font-family: Tahoma\">Di Silvia Terribili, Italia dei Valori &#8211; Olanda<o:p><\/o:p><\/span><\/strong><\/p>\n<h2 style=\"background: white; margin: 0cm 0cm 0pt\"><span style=\"font-size: 10pt; color: black; font-family: Arial\" lang=\"FR\">La manifestazione dello scorso 25 ottobre indetta dal PD contro il governo \u00e8 stata un grandissimo successo e ha visto la partecipazione di circa 250.000 persone.<\/span><span style=\"font-size: 16pt; font-family: Tahoma\"><o:p><\/o:p><\/span><\/h2>\n<h2 style=\"background: white; margin: 0cm 0cm 0pt\"><span style=\"font-size: 10pt; color: black; font-family: Arial\" lang=\"FR\">Italia dei Valori era presente, ha aderito in pieno alla manifestazione e ha raccolto firme per il referendum contro il Lodo Alfano.<\/span><span style=\"font-size: 16pt; font-family: Tahoma\"><o:p><\/o:p><\/span><\/h2>\n<h2 style=\"background: white; margin: 0cm 0cm 0pt\"><span style=\"font-size: 10pt; color: black; font-family: Arial\" lang=\"FR\">La protesta di massa del mondo della scuola e dell\u2019universit\u00e0 contro i disastrosi tagli imposti dal Ministro Gelmini mi riempe di grande gioia, anche perch\u00e9 studenti e professori non hanno bloccato le lezioni, ma anzi hanno fatto lezione in piazza per dimostrare che la cultura, l\u2019istruzione e la scienza devono essere disponibili a tutti.<\/span><span style=\"font-size: 16pt; font-family: Tahoma\"><o:p><\/o:p><\/span><\/h2>\n<h2 style=\"background: white; margin: 0cm 0cm 0pt\"><span style=\"font-size: 10pt; color: black; font-family: Arial\" lang=\"FR\">Solo la cultura e l\u2019istruzione pubblica potr\u00e0 salvarci dall\u2019imbarbarimento televisivo incalzante.<\/span><span style=\"font-size: 16pt; font-family: Tahoma\"><o:p><\/o:p><\/span><\/h2>\n<h2 style=\"background: white; margin: 0cm 0cm 0pt\"><span style=\"font-size: 10pt; color: black; font-family: Arial\" lang=\"FR\">Da pi\u00f9 parti arriva la richiesta di nuove idee unitarie da parte della sinistra e di tutti coloro che non condividono il modello unico berlusconiano, basato sul ruolo formativo della TV anzich\u00e9 della scuola pubblica.<\/span><span style=\"font-size: 16pt; font-family: Tahoma\"><o:p><\/o:p><\/span><\/h2>\n<h2 style=\"background: white; margin: 0cm 0cm 0pt\"><span style=\"font-size: 16pt; font-family: Tahoma\" lang=\"FR\">\u00a0<\/span><span style=\"font-size: 16pt; font-family: Tahoma\"><o:p><\/o:p><\/span><\/h2>\n<h2 style=\"background: white; margin: 0cm 0cm 0pt\"><span style=\"font-size: 10pt; color: black; font-family: Arial\" lang=\"FR\">La mia proposta, in vista delle prossime elezioni europee \u00e8 semplice.<\/span><span style=\"font-size: 16pt; font-family: Tahoma\"><o:p><\/o:p><\/span><\/h2>\n<h2 style=\"background: white; margin: 0cm 0cm 0pt\"><span style=\"font-size: 10pt; color: black; font-family: Arial\" lang=\"FR\">Considerato che il governo molto probabilmente tenter\u00e0 di imporre l\u2019europorcellum alle europee, sia il PD che Italia dei Valori dovrebbero presentarsi ciascuno da soli, facendo preventivamente delle primarie interne, in cui gli iscritti siano coinvolti nella selezione attiva e passiva delle candidature.<\/span><span style=\"font-size: 16pt; font-family: Tahoma\"><o:p><\/o:p><\/span><\/h2>\n<h2 style=\"background: white; margin: 0cm 0cm 0pt\"><span style=\"font-size: 10pt; color: black; font-family: Arial\" lang=\"FR\">La campagna elettorale per le europee dovrebbe essere basata sui seguenti temi\u00a0:<\/span><span style=\"font-size: 16pt; font-family: Tahoma\"><o:p><\/o:p><\/span><\/h2>\n<h2 style=\"background: white; margin: 0cm 0cm 0pt 36pt; text-indent: -18pt; tab-stops: list 36.0pt\"><span style=\"font-size: 16pt; font-family: Tahoma\">1.<span style=\"font: 7pt 'Times New Roman'\">\u00a0 <\/span><\/span><span style=\"font-size: 10pt; color: black; font-family: Arial\" lang=\"FR\">Normative vincolanti europee per ridurre la piaga del precariato e creare posti di lavoro nei settori di pubblica utilit\u00e0\u00a0: istruzione, assistenza anziani, risparmio energetico, agricoltura biologica, fonti rinnovabili di energia.<\/span><span style=\"font-size: 16pt; font-family: Tahoma\"><o:p><\/o:p><\/span><\/h2>\n<h2 style=\"background: white; margin: 0cm 0cm 0pt 36pt; text-indent: -18pt; tab-stops: list 36.0pt\"><span style=\"font-size: 16pt; font-family: Tahoma\">2.<span style=\"font: 7pt 'Times New Roman'\">\u00a0 <\/span><\/span><span style=\"font-size: 10pt; color: black; font-family: Arial\" lang=\"FR\">Normative vincolanti europee per rafforzare la prevenzione della piccola criminalit\u00e0.<\/span><span style=\"font-size: 16pt; font-family: Tahoma\"><o:p><\/o:p><\/span><\/h2>\n<h2 style=\"background: white; margin: 0cm 0cm 0pt 36pt; text-indent: -18pt; tab-stops: list 36.0pt\"><span style=\"font-size: 16pt; font-family: Tahoma\">3.<span style=\"font: 7pt 'Times New Roman'\">\u00a0 <\/span><\/span><span style=\"font-size: 10pt; color: black; font-family: Arial\" lang=\"FR\">Normative vincolanti europee per costruire carceri moderne che rispettino la dignit\u00e0 dei carcerati e allo stesso tempo assicurino che i delinquenti vengano isolati dalla societ\u00e0.<\/span><span style=\"font-size: 16pt; font-family: Tahoma\"><o:p><\/o:p><\/span><\/h2>\n<h2 style=\"background: white; margin: 0cm 0cm 0pt 36pt; text-indent: -18pt; tab-stops: list 36.0pt\"><span style=\"font-size: 16pt; font-family: Tahoma\">4.<span style=\"font: 7pt 'Times New Roman'\">\u00a0 <\/span><\/span><span style=\"font-size: 10pt; color: black; font-family: Arial\" lang=\"FR\">Normative europee per la lotta alla mafia e alla collusione tra mafia e politica<\/span><span style=\"font-size: 16pt; font-family: Tahoma\"><o:p><\/o:p><\/span><\/h2>\n<h2 style=\"background: white; margin: 0cm 0cm 0pt 36pt; text-indent: -18pt; tab-stops: list 36.0pt\"><span style=\"font-size: 16pt; font-family: Tahoma\">5.<span style=\"font: 7pt 'Times New Roman'\">\u00a0 <\/span><\/span><span style=\"font-size: 10pt; color: black; font-family: Arial\" lang=\"FR\">Promozione dell\u2019uso delle intercettazioni telefoniche nella lotta alla criminalit\u00e0 e collusione mafia politica<\/span><span style=\"font-size: 16pt; font-family: Tahoma\"><o:p><\/o:p><\/span><\/h2>\n<h2 style=\"background: white; margin: 0cm 0cm 0pt 36pt; text-indent: -18pt; tab-stops: list 36.0pt\"><span style=\"font-size: 16pt; font-family: Tahoma\">6.<span style=\"font: 7pt 'Times New Roman'\">\u00a0 <\/span><\/span><span style=\"font-size: 10pt; color: black; font-family: Arial\" lang=\"FR\">Normative europee vincolanti per il risparmio energetico, la solarizzazione e la ricerca nell\u2019ambito delle rinnovabili.<\/span><span style=\"font-size: 16pt; font-family: Tahoma\"><o:p><\/o:p><\/span><\/h2>\n<h2 style=\"background: white; margin: 0cm 0cm 0pt 36pt; text-indent: -18pt; tab-stops: list 36.0pt\"><span style=\"font-size: 16pt; font-family: Tahoma\">7.<span style=\"font: 7pt 'Times New Roman'\">\u00a0 <\/span><\/span><span style=\"font-size: 10pt; color: black; font-family: Arial\" lang=\"FR\">Promozione europea del trasporto pubblico e della bicicletta<\/span><span style=\"font-size: 16pt; font-family: Tahoma\"><o:p><\/o:p><\/span><\/h2>\n<h2 style=\"background: white; margin: 0cm 0cm 0pt 36pt; text-indent: -18pt; tab-stops: list 36.0pt\"><span style=\"font-size: 16pt; font-family: Tahoma\">8.<span style=\"font: 7pt 'Times New Roman'\">\u00a0 <\/span><\/span><span style=\"font-size: 10pt; color: black; font-family: Arial\" lang=\"FR\">Riduzione degli stipendi dei parlamentari e riequilibro con la media europea degli stipendi<\/span><span style=\"font-size: 16pt; font-family: Tahoma\"><o:p><\/o:p><\/span><\/h2>\n<h2 style=\"background: white; margin: 0cm 0cm 0pt 36pt; text-indent: -18pt; tab-stops: list 36.0pt\"><span style=\"font-size: 16pt; font-family: Tahoma\">9.<span style=\"font: 7pt 'Times New Roman'\">\u00a0 <\/span><\/span><span style=\"font-size: 10pt; color: black; font-family: Arial\" lang=\"FR\">Promozione dell\u2019agricoltura biologica di qualit\u00e0 <\/span><span style=\"font-size: 16pt; font-family: Tahoma\"><o:p><\/o:p><\/span><\/h2>\n<h2 style=\"background: white; margin: 0cm 0cm 0pt 36pt; text-indent: -18pt; tab-stops: list 36.0pt\"><span style=\"font-size: 16pt; font-family: Tahoma\">10.<span style=\"font: 7pt 'Times New Roman'\">\u00a0\u00a0\u00a0\u00a0\u00a0\u00a0\u00a0\u00a0\u00a0\u00a0\u00a0\u00a0\u00a0\u00a0\u00a0\u00a0\u00a0\u00a0\u00a0 <\/span><\/span><span style=\"font-size: 10pt; color: black; font-family: Arial\" lang=\"FR\">Norme contro la contaminazione da OGM.\u00a0<\/span><span style=\"font-size: 16pt; font-family: Tahoma\"><o:p><\/o:p><\/span><\/h2>\n<h2 style=\"background: white; margin: 0cm 0cm 0pt 36pt; text-indent: -18pt; tab-stops: list 36.0pt\"><span style=\"font-size: 16pt; font-family: Tahoma\">11.<span style=\"font: 7pt 'Times New Roman'\">\u00a0\u00a0\u00a0\u00a0\u00a0\u00a0\u00a0\u00a0\u00a0\u00a0\u00a0\u00a0\u00a0\u00a0\u00a0\u00a0\u00a0\u00a0\u00a0 <\/span><\/span><span style=\"font-size: 10pt; color: black; font-family: Arial\" lang=\"FR\">Finanziamento della crisi economica attraverso la riduzione degli stipendi dei dirigenti pubblici e riduzione stipendi parlamentari<\/span><span style=\"font-size: 16pt; font-family: Tahoma\"><o:p><\/o:p><\/span><\/h2>\n<h2 style=\"background: white; margin: 0cm 0cm 0pt 36pt; text-indent: -18pt; tab-stops: list 36.0pt\"><span style=\"font-size: 16pt; font-family: Tahoma\">12.<span style=\"font: 7pt 'Times New Roman'\">\u00a0\u00a0\u00a0\u00a0\u00a0\u00a0\u00a0\u00a0\u00a0\u00a0\u00a0\u00a0\u00a0\u00a0\u00a0\u00a0\u00a0\u00a0\u00a0 <\/span><\/span><span style=\"font-size: 10pt; color: black; font-family: Arial\" lang=\"FR\">Introduzione obbligatoria europea della carbon tax<\/span><span style=\"font-size: 16pt; font-family: Tahoma\"><o:p><\/o:p><\/span><\/h2>\n<h2 style=\"background: white; margin: 0cm 0cm 0pt 36pt; text-indent: -18pt; tab-stops: list 36.0pt\"><span style=\"font-size: 16pt; font-family: Tahoma\">13.<span style=\"font: 7pt 'Times New Roman'\">\u00a0\u00a0\u00a0\u00a0\u00a0\u00a0\u00a0\u00a0\u00a0\u00a0\u00a0\u00a0\u00a0\u00a0\u00a0\u00a0\u00a0\u00a0\u00a0 <\/span><\/span><span style=\"font-size: 10pt; color: black; font-family: Arial\" lang=\"FR\">Introduzione tassa europea sul trasporto aereo<\/span><span style=\"font-size: 16pt; font-family: Tahoma\"><o:p><\/o:p><\/span><\/h2>\n<h2 style=\"background: white; margin: 0cm 0cm 0pt 36pt; text-indent: -18pt; tab-stops: list 36.0pt\"><span style=\"font-size: 16pt; font-family: Tahoma\">14.<span style=\"font: 7pt 'Times New Roman'\">\u00a0\u00a0\u00a0\u00a0\u00a0\u00a0\u00a0\u00a0\u00a0\u00a0\u00a0\u00a0\u00a0\u00a0\u00a0\u00a0\u00a0\u00a0\u00a0 <\/span><\/span><span style=\"font-size: 10pt; color: black; font-family: Arial\" lang=\"FR\">Introduzione tassa Tobin sulle transazioni finanziarie per combattere la povert\u00e0 e la fame nel mondo.<\/span><span style=\"font-size: 16pt; font-family: Tahoma\"><o:p><\/o:p><\/span><\/h2>\n<h2 style=\"background: white; margin: 0cm 0cm 0pt 36pt; text-indent: -18pt; tab-stops: list 36.0pt\"><span style=\"font-size: 16pt; font-family: Tahoma\">15.<span style=\"font: 7pt 'Times New Roman'\">\u00a0\u00a0\u00a0\u00a0\u00a0\u00a0\u00a0\u00a0\u00a0\u00a0\u00a0\u00a0\u00a0\u00a0\u00a0\u00a0\u00a0\u00a0\u00a0 <\/span><\/span><span style=\"font-size: 10pt; color: black; font-family: Arial\" lang=\"FR\">Normativa europea contro i conflitti di interesse<\/span><span style=\"font-size: 16pt; font-family: Tahoma\"><o:p><\/o:p><\/span><\/h2>\n<h2 style=\"background: white; margin: 0cm 0cm 0pt 36pt; text-indent: -18pt; tab-stops: list 36.0pt\"><span style=\"font-size: 16pt; font-family: Tahoma\">16.<span style=\"font: 7pt 'Times New Roman'\">\u00a0\u00a0\u00a0\u00a0\u00a0\u00a0\u00a0\u00a0\u00a0\u00a0\u00a0\u00a0\u00a0\u00a0\u00a0\u00a0\u00a0\u00a0\u00a0 <\/span><\/span><span style=\"font-size: 10pt; color: black; font-family: Arial\" lang=\"FR\">Normativa europea contro la privatizzazione dell\u2019acqua e di tutti quei servizi che non possono permettersi di fallire come trasporti pubblici, istruzione, sanit\u00e0, tutela dei pi\u00f9 deboli, energia.<\/span><span style=\"font-size: 16pt; font-family: Tahoma\"><o:p><\/o:p><\/span><\/h2>\n<h2 style=\"background: white; margin: 0cm 0cm 0pt 36pt; text-indent: -18pt; tab-stops: list 36.0pt\"><span style=\"font-size: 16pt; font-family: Tahoma\">17.<span style=\"font: 7pt 'Times New Roman'\">\u00a0\u00a0\u00a0\u00a0\u00a0\u00a0\u00a0\u00a0\u00a0\u00a0\u00a0\u00a0\u00a0\u00a0\u00a0\u00a0\u00a0\u00a0\u00a0 <\/span><\/span><span style=\"font-size: 10pt; color: black; font-family: Arial\" lang=\"FR\">Innalzare la tassazione delle rendite finanziarie e riequilibrarla con quella della tassazione sui libretti a risparmio (assurdamente alta 27%)<\/span><span style=\"font-size: 16pt; font-family: Tahoma\"><o:p><\/o:p><\/span><\/h2>\n<h2 style=\"background: white; margin: 0cm 0cm 0pt 36pt; text-indent: -18pt; tab-stops: list 36.0pt\"><span style=\"font-size: 16pt; font-family: Tahoma\">18.<span style=\"font: 7pt 'Times New Roman'\">\u00a0\u00a0\u00a0\u00a0\u00a0\u00a0\u00a0\u00a0\u00a0\u00a0\u00a0\u00a0\u00a0\u00a0\u00a0\u00a0\u00a0\u00a0\u00a0 <\/span><\/span><span style=\"font-size: 10pt; color: black; font-family: Arial\" lang=\"FR\">Tassa europea una tantum sui redditi al di sopra dei 100.000 euro annui per misure di solidariet\u00e0 nei confronti dei cittadini poveri<\/span><span style=\"font-size: 16pt; font-family: Tahoma\"><o:p><\/o:p><\/span><\/h2>\n<h2 style=\"background: white; margin: 0cm 0cm 0pt 36pt; text-indent: -18pt; tab-stops: list 36.0pt\"><span style=\"font-size: 16pt; font-family: Tahoma\">19.<span style=\"font: 7pt 'Times New Roman'\">\u00a0\u00a0\u00a0\u00a0\u00a0\u00a0\u00a0\u00a0\u00a0\u00a0\u00a0\u00a0\u00a0\u00a0\u00a0\u00a0\u00a0\u00a0\u00a0 <\/span><\/span><span style=\"font-size: 10pt; color: black; font-family: Arial\" lang=\"FR\">Controllo pubblico europeo e freno alle speculazioni finanziarie rischiose, quelle che hanno provocato questa gravissima crisi finanziaria mondiale.<\/span><span style=\"font-size: 16pt; font-family: Tahoma\"><o:p><\/o:p><\/span><\/h2>\n<h2 style=\"background: white; margin: 0cm 0cm 0pt 36pt; text-indent: -18pt; tab-stops: list 36.0pt\"><span style=\"font-size: 16pt; font-family: Tahoma\">20.<span style=\"font: 7pt 'Times New Roman'\">\u00a0\u00a0\u00a0\u00a0\u00a0\u00a0\u00a0\u00a0\u00a0\u00a0\u00a0\u00a0\u00a0\u00a0\u00a0\u00a0\u00a0\u00a0\u00a0 <\/span><\/span><span style=\"font-size: 10pt; color: black; font-family: Arial\" lang=\"FR\">Rafforzamento dei poteri del Parlamento europeo<\/span><span style=\"font-size: 16pt; font-family: Tahoma\"><o:p><\/o:p><\/span><\/h2>\n<h2 style=\"background: white; margin: 0cm 0cm 0pt 36pt; text-indent: -18pt; tab-stops: list 36.0pt\"><span style=\"font-size: 16pt; font-family: Tahoma\">21.<span style=\"font: 7pt 'Times New Roman'\">\u00a0\u00a0\u00a0\u00a0\u00a0\u00a0\u00a0\u00a0\u00a0\u00a0\u00a0\u00a0\u00a0\u00a0\u00a0\u00a0\u00a0\u00a0\u00a0 <\/span><\/span><span style=\"font-size: 10pt; color: black; font-family: Arial\">Nuova filosofia di governo del capitalismo, la cui teoria del libero scambio non solo rivela oggi il suo completo fallimento, ma \u00e8 da considerare responsabile e colpevole della gravissima crisi finanziaria globale. <\/span><span style=\"font-size: 10pt; color: black; font-family: Arial\" lang=\"FR\">La societ\u00e0 civile che lavora, paga le tasse e mette faticosamente da parte i propri risparmi non pu\u00f2 in nessun modo pagare oggi gli errori gravissimi compiuti dal capitalismo irresponsabile.<\/span><span style=\"font-size: 16pt; font-family: Tahoma\"><o:p><\/o:p><\/span><\/h2>\n<h2 style=\"background: white; margin: 0cm 0cm 0pt\"><span style=\"font-size: 10pt; color: black; font-family: Arial\" lang=\"FR\">Il Parlamento europeo deve avere (se necessario) poteri di controllo del capitalismo selvaggio che produce rischi di destabilizzazione pesantissimi per tutt\u00e0 l\u2019umanit\u00e0.<\/span><span style=\"font-size: 16pt; font-family: Tahoma\"><o:p><\/o:p><\/span><\/h2>\n<h2 style=\"background: white; margin: 0cm 0cm 0pt\"><span style=\"font-size: 10pt; color: black; font-family: Arial\" lang=\"FR\">Il Parlamento europeo deve poter intervenire (bloccando se necessario) quando si verificano speculazioni pericolose come quelle relative alle concessioni di mutui subprime, che hanno innescato questa reazione a catena planetaria sfociata nell\u2019attuale irreversibile crisi mondiale dei crediti.<\/span><span style=\"font-size: 16pt; font-family: Tahoma\"><o:p><\/o:p><\/span><\/h2>\n<h2 style=\"background: white; margin: 0cm 0cm 0pt\"><span style=\"font-size: 10pt; color: black; font-family: Arial\" lang=\"FR\">Per concludere\u00a0:<\/span><span style=\"font-size: 16pt; font-family: Tahoma\"><o:p><\/o:p><\/span><\/h2>\n<h2 style=\"background: white; margin: 0cm 0cm 0pt; line-height: normal\"><span style=\"font-size: 10pt; color: black; font-family: Arial\" lang=\"FR\">\u00a0 <\/span><span style=\"font-size: 16pt; font-family: Tahoma\"><o:p><\/o:p><\/span><\/h2>\n<h2 style=\"background: white; margin: 0cm 0cm 0pt\"><span style=\"font-size: 10pt; font-family: Arial\" lang=\"FR\">Propongo che Italia dei Valori e PD si presentino da soli alle europee, facciano preventivamente le primarie coinvolgendo tutti i loro iscritti e sostengano le politiche qui sopra indicate.<\/span><span style=\"font-size: 16pt; font-family: Tahoma\"><o:p><\/o:p><\/span><\/h2>\n<h2 style=\"background: white; margin: 0cm 0cm 0pt\"><span style=\"font-size: 10pt; font-family: Arial\" lang=\"FR\">In questo modo si avranno due partiti che supereranno comunque il 5%. Al PD auguro con lealt\u00e0 una grande affermazione europea che auguro naturalmente anche al nostro partito Italia dei Valori.<\/span><span style=\"font-size: 16pt; font-family: Tahoma\"><o:p><\/o:p><\/span><\/h2>\n<p><strong><span style=\"color: black\" lang=\"FR\"><font face=\"Times New Roman\">\u00a0Se il nostro partito far\u00e0 le primarie, candidando i migliori militanti e attivisti, otterr\u00e0 sicuramente un grande risultato elettorale e potr\u00e0 dare il suo importante contributo all\u2019interno del Palamento europeo.<o:p><\/o:p><\/font><\/span><\/strong><strong><span style=\"color: black\" lang=\"FR\"><font face=\"Times New Roman\">Un\u2019altra Italia in un\u2019altra Europa \u00e8 possibile. Impegnamoci gi\u00e0 da oggi.<o:p><\/o:p><\/font><\/span><\/strong><strong><span style=\"color: black\" lang=\"FR\"><font face=\"Times New Roman\">A giugno si vota per le europee. Rafforziamo il partito che sta dalla parte dei cittadini\u00a0: Italia dei Valori.<o:p><\/o:p><\/font><\/span><\/strong><strong><span style=\"color: black\" lang=\"FR\"><font face=\"Times New Roman\">\u00a0<o:p><\/o:p><\/font><\/span><\/strong><strong><span style=\"font-size: 10pt; color: #444444; font-family: Tahoma\">\u00a0<o:p><\/o:p><\/span><\/strong><font face=\"Times New Roman\"><strong><span style=\"color: black\" lang=\"FR\">\u00a0<\/span><\/strong><strong><span style=\"font-size: 10pt; color: #444444; font-family: Tahoma\"><o:p><\/o:p><\/span><\/strong><\/font><strong><span style=\"color: black\" lang=\"FR\"><font face=\"Times New Roman\">\u00a0<\/font><\/span><\/strong><strong><span style=\"font-size: 10pt; color: #444444; font-family: Tahoma\"><o:p><\/o:p><\/span><\/strong><\/p>\n","protected":false},"excerpt":{"rendered":"<p>Elezioni Europee\u00a0 6 e 7 giugno 2009\u00a0Alle europee con lealt\u00e0 nei confronti del PD, ma ognuno per conto suo con i propri idealiDi Silvia Terribili, Italia dei Valori &#8211; Olanda La manifestazione dello scorso 25 ottobre indetta dal PD contro &hellip; <a href=\"https:\/\/silviaterribili.org\/?p=15\">Continue reading <span class=\"meta-nav\">&rarr;<\/span><\/a><\/p>\n","protected":false},"author":2,"featured_media":0,"comment_status":"open","ping_status":"open","sticky":false,"template":"","format":"standard","meta":{"footnotes":""},"categories":[71],"tags":[74,23,75],"class_list":["post-15","post","type-post","status-publish","format-standard","hentry","category-elezioni-europee-2009","tag-europee-2009","tag-italia-dei-valori","tag-lotta-corruzione"],"_links":{"self":[{"href":"https:\/\/silviaterribili.org\/index.php?rest_route=\/wp\/v2\/posts\/15","targetHints":{"allow":["GET"]}}],"collection":[{"href":"https:\/\/silviaterribili.org\/index.php?rest_route=\/wp\/v2\/posts"}],"about":[{"href":"https:\/\/silviaterribili.org\/index.php?rest_route=\/wp\/v2\/types\/post"}],"author":[{"embeddable":true,"href":"https:\/\/silviaterribili.org\/index.php?rest_route=\/wp\/v2\/users\/2"}],"replies":[{"embeddable":true,"href":"https:\/\/silviaterribili.org\/index.php?rest_route=%2Fwp%2Fv2%2Fcomments&post=15"}],"version-history":[{"count":0,"href":"https:\/\/silviaterribili.org\/index.php?rest_route=\/wp\/v2\/posts\/15\/revisions"}],"wp:attachment":[{"href":"https:\/\/silviaterribili.org\/index.php?rest_route=%2Fwp%2Fv2%2Fmedia&parent=15"}],"wp:term":[{"taxonomy":"category","embeddable":true,"href":"https:\/\/silviaterribili.org\/index.php?rest_route=%2Fwp%2Fv2%2Fcategories&post=15"},{"taxonomy":"post_tag","embeddable":true,"href":"https:\/\/silviaterribili.org\/index.php?rest_route=%2Fwp%2Fv2%2Ftags&post=15"}],"curies":[{"name":"wp","href":"https:\/\/api.w.org\/{rel}","templated":true}]}}